{"id":18024,"date":"2017-01-29T18:20:09","date_gmt":"2017-01-29T21:20:09","guid":{"rendered":"https:\/\/ligamercedina.com\/web\/?p=18024"},"modified":"2017-01-30T13:15:42","modified_gmt":"2017-01-30T16:15:42","slug":"torneo-federacion-resultados-y-posiciones-tras-la-segunda-fecha","status":"publish","type":"post","link":"https:\/\/ligamercedina.com\/web\/torneo-federacion-resultados-y-posiciones-tras-la-segunda-fecha\/","title":{"rendered":"TORNEO FEDERACION: RESULTADOS Y POSICIONES TRAS LA SEGUNDA FECHA"},"content":{"rendered":"<blockquote><p><strong>ZONA \u00abA\u00bb<\/strong><\/p><\/blockquote>\n<p><strong>MECHITA (Bragado -1-;<\/strong> Ra\u00fal Orellano<br \/>\n<strong>9 DE JULIO (Chacabuco): -0-<\/strong><\/p>\n<p><a href=\"https:\/\/ligamercedina.com\/web\/wp-content\/uploads\/2017\/01\/posi-fed-4.jpg\"><img loading=\"lazy\" decoding=\"async\" src=\"https:\/\/ligamercedina.com\/web\/wp-content\/uploads\/2017\/01\/posi-fed-4.jpg\" alt=\"posi fed\" width=\"454\" height=\"105\" class=\"aligncenter size-full wp-image-18042\" srcset=\"https:\/\/ligamercedina.com\/web\/wp-content\/uploads\/2017\/01\/posi-fed-4.jpg 454w, https:\/\/ligamercedina.com\/web\/wp-content\/uploads\/2017\/01\/posi-fed-4-300x69.jpg 300w\" sizes=\"auto, (max-width: 454px) 100vw, 454px\" \/><\/a><\/p>\n<blockquote><p><strong>ZONA \u00abB\u00bb<\/strong><\/p><\/blockquote>\n<p><strong>OBRAS SANITARIAS (Arrecifes): -1-;<\/strong><br \/>\n<strong>ARGENTINO OESTE (San Nicol\u00e1s): -3-;<\/strong> Mart\u00edn D\u00edaz (2), Daniel Mendoza<\/p>\n<p><strong>12 DE OCTUBRE (San Nicol\u00e1s): -1-;<\/strong><br \/>\n<strong>JUVENTUD (Pergamino): -1-;<\/strong> <\/p>\n<p><a href=\"https:\/\/ligamercedina.com\/web\/wp-content\/uploads\/2017\/01\/posi-fed-6.jpg\"><img loading=\"lazy\" decoding=\"async\" src=\"https:\/\/ligamercedina.com\/web\/wp-content\/uploads\/2017\/01\/posi-fed-6.jpg\" alt=\"posi fed\" width=\"454\" height=\"137\" class=\"aligncenter size-full wp-image-18048\" srcset=\"https:\/\/ligamercedina.com\/web\/wp-content\/uploads\/2017\/01\/posi-fed-6.jpg 454w, https:\/\/ligamercedina.com\/web\/wp-content\/uploads\/2017\/01\/posi-fed-6-300x91.jpg 300w\" sizes=\"auto, (max-width: 454px) 100vw, 454px\" \/><\/a><\/p>\n<blockquote><p><strong>ZONA \u00abC\u00bb<\/strong><\/p><\/blockquote>\n<p><strong>RIVER PLATE (Chacabuco): -3-;<\/strong><br \/>\n<strong>DEPORTIVO PALERMO (Arrecifes): -2-;<\/strong> <\/p>\n<p><strong>VILLA SANGUINETTI (Arrecifes): -1-;<\/strong><br \/>\n<strong>O&#8217;HIGGINS (Chacabuco): -2-;<\/strong><\/p>\n<p><a href=\"https:\/\/ligamercedina.com\/web\/wp-content\/uploads\/2017\/01\/posi-fed-7.jpg\"><img loading=\"lazy\" decoding=\"async\" src=\"https:\/\/ligamercedina.com\/web\/wp-content\/uploads\/2017\/01\/posi-fed-7.jpg\" alt=\"posi fed\" width=\"454\" height=\"133\" class=\"aligncenter size-full wp-image-18049\" srcset=\"https:\/\/ligamercedina.com\/web\/wp-content\/uploads\/2017\/01\/posi-fed-7.jpg 454w, https:\/\/ligamercedina.com\/web\/wp-content\/uploads\/2017\/01\/posi-fed-7-300x88.jpg 300w\" sizes=\"auto, (max-width: 454px) 100vw, 454px\" \/><\/a><\/p>\n<blockquote><p><strong>ZONA \u00abD\u00bb<\/strong><\/p><\/blockquote>\n<p><strong>SAN LORENZO (Escobar): -1-;<\/strong><br \/>\n<strong>LAS CAMPANAS (Campana): -1-;<\/strong> <\/p>\n<p><strong>LAS PRADERAS (Campana): -1-;<\/strong><br \/>\n<strong>LA CATEDRAL (Escobar):-4-;<\/strong> <\/p>\n<p><a href=\"https:\/\/ligamercedina.com\/web\/wp-content\/uploads\/2017\/01\/posi-fed-2.jpg\"><img loading=\"lazy\" decoding=\"async\" src=\"https:\/\/ligamercedina.com\/web\/wp-content\/uploads\/2017\/01\/posi-fed-2.jpg\" alt=\"posi fed\" width=\"454\" height=\"133\" class=\"aligncenter size-full wp-image-18036\" srcset=\"https:\/\/ligamercedina.com\/web\/wp-content\/uploads\/2017\/01\/posi-fed-2.jpg 454w, https:\/\/ligamercedina.com\/web\/wp-content\/uploads\/2017\/01\/posi-fed-2-300x88.jpg 300w\" sizes=\"auto, (max-width: 454px) 100vw, 454px\" \/><\/a><\/p>\n<blockquote><p><strong>ZONA \u00abE\u00bb<\/strong><\/p><\/blockquote>\n<p><strong>SAN CARLOS (Cap. Sarmiento): -1-;<\/strong> Maximiliano Cruz<br \/>\n<strong>PE\u00d1A LA 12 (Chacabuco): -0-<\/strong><\/p>\n<p><strong>SAN MARTIN (Chacabuco): -3-;<\/strong> Esteban Caseri (2), Tom\u00e1s Fern\u00e1ndez.<br \/>\n<strong>LOS 14 (Cap. Sarmiento): -0-<\/strong><\/p>\n<p><a href=\"https:\/\/ligamercedina.com\/web\/wp-content\/uploads\/2017\/01\/posi-fed-9.jpg\"><img loading=\"lazy\" decoding=\"async\" src=\"https:\/\/ligamercedina.com\/web\/wp-content\/uploads\/2017\/01\/posi-fed-9.jpg\" alt=\"posi fed\" width=\"454\" height=\"133\" class=\"aligncenter size-full wp-image-18053\" srcset=\"https:\/\/ligamercedina.com\/web\/wp-content\/uploads\/2017\/01\/posi-fed-9.jpg 454w, https:\/\/ligamercedina.com\/web\/wp-content\/uploads\/2017\/01\/posi-fed-9-300x88.jpg 300w\" sizes=\"auto, (max-width: 454px) 100vw, 454px\" \/><\/a><br \/>\n<strong>FERROVIARIOS (Z\u00e1rate): -1-;<\/strong><br \/>\n<strong>RIVADAVIA (San Antonio de Areco): -1-;<\/strong> <\/p>\n<p><strong>COMUNICACIONES (Mercedes): -6-;<\/strong> Germ\u00e1n Lucero (3), Angel Calder\u00f3n (2), Agust\u00edn Tapia.<br \/>\n<strong>DEFENSORES DE ESTRADA (Z\u00e1rate): -0-<\/strong><\/p>\n<p><a href=\"https:\/\/ligamercedina.com\/web\/wp-content\/uploads\/2017\/01\/posi-fed.jpg\"><img loading=\"lazy\" decoding=\"async\" src=\"https:\/\/ligamercedina.com\/web\/wp-content\/uploads\/2017\/01\/posi-fed.jpg\" alt=\"posi fed\" width=\"454\" height=\"133\" class=\"aligncenter size-full wp-image-18025\" srcset=\"https:\/\/ligamercedina.com\/web\/wp-content\/uploads\/2017\/01\/posi-fed.jpg 454w, https:\/\/ligamercedina.com\/web\/wp-content\/uploads\/2017\/01\/posi-fed-300x88.jpg 300w\" sizes=\"auto, (max-width: 454px) 100vw, 454px\" \/><\/a><\/p>\n<blockquote><p><strong>ZONA \u00abG\u00bb<\/strong><\/p><\/blockquote>\n<p><strong>CENTRAL BUENOS AIRES (Z\u00e1rate): -4-<\/strong><br \/>\n<strong>HURACAN (San Antonio de Areco): -0-<\/strong><\/p>\n<p><a href=\"https:\/\/ligamercedina.com\/web\/wp-content\/uploads\/2017\/01\/posi-fed-5.jpg\"><img loading=\"lazy\" decoding=\"async\" src=\"https:\/\/ligamercedina.com\/web\/wp-content\/uploads\/2017\/01\/posi-fed-5.jpg\" alt=\"posi fed\" width=\"454\" height=\"105\" class=\"aligncenter size-full wp-image-18046\" srcset=\"https:\/\/ligamercedina.com\/web\/wp-content\/uploads\/2017\/01\/posi-fed-5.jpg 454w, https:\/\/ligamercedina.com\/web\/wp-content\/uploads\/2017\/01\/posi-fed-5-300x69.jpg 300w\" sizes=\"auto, (max-width: 454px) 100vw, 454px\" \/><\/a><\/p>\n<blockquote><p><strong>ZONA \u00abH\u00bb<\/strong><\/p><\/blockquote>\n<p><strong>LIMA (Z\u00e1rate): -2-;<\/strong> Mart\u00ednez y Gonz\u00e1lez.<br \/>\n<strong>SAN ROQUE (San Pedro): -1-;<\/strong> V. Paz.<\/p>\n<p><strong>ATLETICO PILAR: -1-;<\/strong> Ariel Ju\u00e1rez<br \/>\n<strong>SOCIAL OBRERO (Z\u00e1rate): -0-<\/strong><\/p>\n<p><a href=\"https:\/\/ligamercedina.com\/web\/wp-content\/uploads\/2017\/01\/posi-fed-1.jpg\"><img loading=\"lazy\" decoding=\"async\" src=\"https:\/\/ligamercedina.com\/web\/wp-content\/uploads\/2017\/01\/posi-fed-1.jpg\" alt=\"posi fed\" width=\"454\" height=\"133\" class=\"aligncenter size-full wp-image-18032\" srcset=\"https:\/\/ligamercedina.com\/web\/wp-content\/uploads\/2017\/01\/posi-fed-1.jpg 454w, https:\/\/ligamercedina.com\/web\/wp-content\/uploads\/2017\/01\/posi-fed-1-300x88.jpg 300w\" sizes=\"auto, (max-width: 454px) 100vw, 454px\" \/><\/a><\/p>\n","protected":false},"excerpt":{"rendered":"<p>ZONA \u00abA\u00bb MECHITA (Bragado -1-; Ra\u00fal Orellano 9 DE JULIO (Chacabuco): -0- ZONA \u00abB\u00bb OBRAS SANITARIAS (Arrecifes): -1-; ARGENTINO OESTE (San Nicol\u00e1s): -3-; Mart\u00edn D\u00edaz (2), Daniel Mendoza 12 DE OCTUBRE (San Nicol\u00e1s): -1-; JUVENTUD (Pergamino): -1-; ZONA \u00abC\u00bb RIVER PLATE (Chacabuco): -3-; DEPORTIVO PALERMO (Arrecifes): -2-; VILLA SANGUINETTI (Arrecifes): -1-; O&#8217;HIGGINS (Chacabuco): -2-; ZONA \u00abD\u00bb SAN LORENZO (Escobar): -1-;<\/p>\n","protected":false},"author":2,"featured_media":0,"comment_status":"open","ping_status":"open","sticky":false,"template":"","format":"standard","meta":{"footnotes":""},"categories":[4],"tags":[],"class_list":["post-18024","post","type-post","status-publish","format-standard","hentry","category-informaciongeneral"],"_links":{"self":[{"href":"https:\/\/ligamercedina.com\/web\/wp-json\/wp\/v2\/posts\/18024","targetHints":{"allow":["GET"]}}],"collection":[{"href":"https:\/\/ligamercedina.com\/web\/wp-json\/wp\/v2\/posts"}],"about":[{"href":"https:\/\/ligamercedina.com\/web\/wp-json\/wp\/v2\/types\/post"}],"author":[{"embeddable":true,"href":"https:\/\/ligamercedina.com\/web\/wp-json\/wp\/v2\/users\/2"}],"replies":[{"embeddable":true,"href":"https:\/\/ligamercedina.com\/web\/wp-json\/wp\/v2\/comments?post=18024"}],"version-history":[{"count":20,"href":"https:\/\/ligamercedina.com\/web\/wp-json\/wp\/v2\/posts\/18024\/revisions"}],"predecessor-version":[{"id":18055,"href":"https:\/\/ligamercedina.com\/web\/wp-json\/wp\/v2\/posts\/18024\/revisions\/18055"}],"wp:attachment":[{"href":"https:\/\/ligamercedina.com\/web\/wp-json\/wp\/v2\/media?parent=18024"}],"wp:term":[{"taxonomy":"category","embeddable":true,"href":"https:\/\/ligamercedina.com\/web\/wp-json\/wp\/v2\/categories?post=18024"},{"taxonomy":"post_tag","embeddable":true,"href":"https:\/\/ligamercedina.com\/web\/wp-json\/wp\/v2\/tags?post=18024"}],"curies":[{"name":"wp","href":"https:\/\/api.w.org\/{rel}","templated":true}]}}