{"id":17950,"date":"2016-12-20T00:22:12","date_gmt":"2016-12-20T03:22:12","guid":{"rendered":"https:\/\/ligamercedina.com\/web\/?p=17950"},"modified":"2016-12-20T00:23:38","modified_gmt":"2016-12-20T03:23:38","slug":"primera-division-el-torneo-se-define-este-miercoles","status":"publish","type":"post","link":"https:\/\/ligamercedina.com\/web\/primera-division-el-torneo-se-define-este-miercoles\/","title":{"rendered":"PRIMERA DIVISION: EL TORNEO SE DEFINE ESTE MIERCOLES"},"content":{"rendered":"<p><strong>A partir de tomar conocimiento y publicaci\u00f3n del Fallo del Tribunal de Disciplina la Comisi\u00f3n Directiva de la Liga Mercedina quiere por un lado informar que la prontitud en la resoluci\u00f3n de los expedientes tuvo que ver fundamentalmente con el pedido de dirigentes de ambas instituciones en tratar de evacuar lo antes posible la situaci\u00f3n.<\/p>\n<p>En el d\u00eda de la fecha el Tribunal se constituy\u00f3 y adem\u00e1s de contar con el informe del \u00e1rbitro Alejo Cid, de la Liga de Pergamino, tambi\u00e9n tuvo en manos un descargo presentado por el club El Front\u00f3n.<\/p>\n<p>Esta Comisi\u00f3n Directiva quiere destacar y agradecer el gesto de los Dres. Marchessini y Bidone quienes inmediatamente colaboraron para poder analizar los elementos de juicio y el posterior env\u00edo del correspondiente fallo en el menor tiempo posible, recordando que la actuaci\u00f3n de los integrantes del Tribunal es ad honorem.<\/p>\n<p>Con lo expuesto y en caso de no existir recurso de apelaci\u00f3n en las pr\u00f3ximas horas por parte de algunos de los clubes invoclurados, es que se confirma la programaci\u00f3n del partido revancha, a jugarse este mi\u00e9rcoles 21 de diciembre, desde las 20:45 hs. en cancha de la Liga Mercedina.<\/p>\n<p>Esteban Marcelo (Presidente)<br \/>\nJorge Cerfoglio (Vicepresidente)<br \/>\nDaniel Figueredo (Secretario)<br \/>\nDaniel St\u00e9fano (Tesorero)<br \/>\n<\/strong><\/p>\n","protected":false},"excerpt":{"rendered":"<p>A partir de tomar conocimiento y publicaci\u00f3n del Fallo del Tribunal de Disciplina la Comisi\u00f3n Directiva de la Liga Mercedina quiere por un lado informar que la prontitud en la resoluci\u00f3n de los expedientes tuvo que ver fundamentalmente con el pedido de dirigentes de ambas instituciones en tratar de evacuar lo antes posible la situaci\u00f3n. En el d\u00eda de la<\/p>\n","protected":false},"author":2,"featured_media":0,"comment_status":"open","ping_status":"open","sticky":false,"template":"","format":"standard","meta":{"footnotes":""},"categories":[4],"tags":[],"class_list":["post-17950","post","type-post","status-publish","format-standard","hentry","category-informaciongeneral"],"_links":{"self":[{"href":"https:\/\/ligamercedina.com\/web\/wp-json\/wp\/v2\/posts\/17950","targetHints":{"allow":["GET"]}}],"collection":[{"href":"https:\/\/ligamercedina.com\/web\/wp-json\/wp\/v2\/posts"}],"about":[{"href":"https:\/\/ligamercedina.com\/web\/wp-json\/wp\/v2\/types\/post"}],"author":[{"embeddable":true,"href":"https:\/\/ligamercedina.com\/web\/wp-json\/wp\/v2\/users\/2"}],"replies":[{"embeddable":true,"href":"https:\/\/ligamercedina.com\/web\/wp-json\/wp\/v2\/comments?post=17950"}],"version-history":[{"count":2,"href":"https:\/\/ligamercedina.com\/web\/wp-json\/wp\/v2\/posts\/17950\/revisions"}],"predecessor-version":[{"id":17952,"href":"https:\/\/ligamercedina.com\/web\/wp-json\/wp\/v2\/posts\/17950\/revisions\/17952"}],"wp:attachment":[{"href":"https:\/\/ligamercedina.com\/web\/wp-json\/wp\/v2\/media?parent=17950"}],"wp:term":[{"taxonomy":"category","embeddable":true,"href":"https:\/\/ligamercedina.com\/web\/wp-json\/wp\/v2\/categories?post=17950"},{"taxonomy":"post_tag","embeddable":true,"href":"https:\/\/ligamercedina.com\/web\/wp-json\/wp\/v2\/tags?post=17950"}],"curies":[{"name":"wp","href":"https:\/\/api.w.org\/{rel}","templated":true}]}}