{"id":17571,"date":"2016-09-29T20:07:15","date_gmt":"2016-09-29T23:07:15","guid":{"rendered":"https:\/\/ligamercedina.com\/web\/?p=17571"},"modified":"2016-10-01T11:20:54","modified_gmt":"2016-10-01T14:20:54","slug":"primera-division-la-fecha-8-se-juega-entre-miercoles-y-jueves","status":"publish","type":"post","link":"https:\/\/ligamercedina.com\/web\/primera-division-la-fecha-8-se-juega-entre-miercoles-y-jueves\/","title":{"rendered":"PRIMERA DIVISION: LA FECHA 8 SE JUEGA ENTRE MIERCOLES Y JUEVES"},"content":{"rendered":"<p><em><strong>Mi\u00e9rcoles 5 de octubre, cancha Liga Mercedina<\/strong><\/em><br \/>\n19:30 hs.  V\u00e9lez Vs. Comunicaciones<br \/>\n21:30 hs.  Trocha Vs. El Tim\u00f3n<\/p>\n<p><em><strong>Jueves 6  de octubre, cancha Liga Mercedina<\/strong><\/em><br \/>\n19:30 hs. Mercedes Vs. Quilmes<br \/>\n21:30 hs. Los Palometas Vs. San Marcos FC<\/p>\n<p><em><strong>Jueves 6 de octubre, cancha El Front\u00f3n<\/strong><\/em><br \/>\n21:00 hs. El Front\u00f3n Vs. Ateneo<\/p>\n<p>* El Front\u00f3n y Ateneo tambi\u00e9n jugar\u00edan en Reserva.<\/p>\n","protected":false},"excerpt":{"rendered":"<p>Mi\u00e9rcoles 5 de octubre, cancha Liga Mercedina 19:30 hs. V\u00e9lez Vs. Comunicaciones 21:30 hs. Trocha Vs. El Tim\u00f3n Jueves 6 de octubre, cancha Liga Mercedina 19:30 hs. Mercedes Vs. Quilmes 21:30 hs. Los Palometas Vs. San Marcos FC Jueves 6 de octubre, cancha El Front\u00f3n 21:00 hs. El Front\u00f3n Vs. Ateneo * El Front\u00f3n y Ateneo tambi\u00e9n jugar\u00edan en Reserva.<\/p>\n","protected":false},"author":2,"featured_media":0,"comment_status":"open","ping_status":"open","sticky":false,"template":"","format":"standard","meta":{"footnotes":""},"categories":[4],"tags":[],"class_list":["post-17571","post","type-post","status-publish","format-standard","hentry","category-informaciongeneral"],"_links":{"self":[{"href":"https:\/\/ligamercedina.com\/web\/wp-json\/wp\/v2\/posts\/17571","targetHints":{"allow":["GET"]}}],"collection":[{"href":"https:\/\/ligamercedina.com\/web\/wp-json\/wp\/v2\/posts"}],"about":[{"href":"https:\/\/ligamercedina.com\/web\/wp-json\/wp\/v2\/types\/post"}],"author":[{"embeddable":true,"href":"https:\/\/ligamercedina.com\/web\/wp-json\/wp\/v2\/users\/2"}],"replies":[{"embeddable":true,"href":"https:\/\/ligamercedina.com\/web\/wp-json\/wp\/v2\/comments?post=17571"}],"version-history":[{"count":2,"href":"https:\/\/ligamercedina.com\/web\/wp-json\/wp\/v2\/posts\/17571\/revisions"}],"predecessor-version":[{"id":17577,"href":"https:\/\/ligamercedina.com\/web\/wp-json\/wp\/v2\/posts\/17571\/revisions\/17577"}],"wp:attachment":[{"href":"https:\/\/ligamercedina.com\/web\/wp-json\/wp\/v2\/media?parent=17571"}],"wp:term":[{"taxonomy":"category","embeddable":true,"href":"https:\/\/ligamercedina.com\/web\/wp-json\/wp\/v2\/categories?post=17571"},{"taxonomy":"post_tag","embeddable":true,"href":"https:\/\/ligamercedina.com\/web\/wp-json\/wp\/v2\/tags?post=17571"}],"curies":[{"name":"wp","href":"https:\/\/api.w.org\/{rel}","templated":true}]}}