{"id":17556,"date":"2016-09-27T17:49:04","date_gmt":"2016-09-27T20:49:04","guid":{"rendered":"https:\/\/ligamercedina.com\/web\/?p=17556"},"modified":"2016-09-28T09:51:52","modified_gmt":"2016-09-28T12:51:52","slug":"horarios-para-el-fin-de-semana-110","status":"publish","type":"post","link":"https:\/\/ligamercedina.com\/web\/horarios-para-el-fin-de-semana-110\/","title":{"rendered":"HORARIOS PARA EL FIN DE SEMANA"},"content":{"rendered":"<blockquote><p><strong>PRIMERA DIVISION<\/strong><\/p><\/blockquote>\n<p><em><strong>S\u00e1bado 1 de octubre, cancha Liga Mercedina<\/strong><\/em><br \/>\n13:00 hs. Quilmes Vs. Pabell\u00f3n Argentino<br \/>\n15:00 hs. Comunicaciones Vs. Costa Brava<\/p>\n<p><em><strong>Domingo 2 de octubre, cancha Liga Mercedina<\/strong><\/em><br \/>\n14:00 hs. Estudiantes Vs. Los Palometas<br \/>\n16:00 hs. El Tim\u00f3n Vs. Mercedes<\/p>\n<p><em><strong>Domingo 2 de octubre, cancha Juventud<\/strong><\/em><br \/>\n16:00 hs. Juventud Vs. V\u00e9lez Sarsfield<\/p>\n<p><em><strong>Domingo 2 de octubre, cancha San Marcos<\/strong><\/em><br \/>\n16:00 hs. San Marcos Vs. El Front\u00f3n<\/p>\n<blockquote><p><strong>RESERVA<\/strong><\/p><\/blockquote>\n<p><em><strong>S\u00e1bado 1 de octubre, cancha Quilmes<\/strong><\/em><br \/>\n14:00 hs. Uni\u00f3n Vs. Trocha<br \/>\n16:00 hs. Quilmes Vs. Pabell\u00f3n Argentino<\/p>\n<p><em><strong>S\u00e1bado 1 de octubre, cancha V\u00e9lez<\/strong><\/em><br \/>\n15:15 hs. Estudiantes Vs. Los Palometas<\/p>\n<p><em><strong>S\u00e1bado 1 de octubre, cancha Liga Mercedina<\/strong><\/em><br \/>\n17:00 hs. Comunicaciones Vs. Costa Brava<\/p>\n<p><em><strong>Domingo 2 de octubre, cancha Ateneo<\/strong><\/em><br \/>\n13:00 hs. El Tim\u00f3n Vs. Mercedes<\/p>\n<p><em><strong>Domingo 2 de octubre, cancha Juventud<\/strong><\/em><br \/>\n14:00 hs. Juventud Vs. V\u00e9lez Sarsfield<\/p>\n<p><em><strong>Domingo 2 de octubre, cancha San Marcos<\/strong><\/em><br \/>\n14:00 hs. San Marcos Vs. El Front\u00f3n<\/p>\n<blockquote><p><strong>INFANTIL<\/strong><\/p><\/blockquote>\n<p>Defensores Jrs. Vs. Los Vascos, Mercedes \u201cA\u201d Vs. Quilmes, Los Palometas Vs. Comunicaciones, Estudiantes Vs. Juventud, El Front\u00f3n Vs. Mercedes, Uni\u00f3n Vs. V\u00e9lez<br \/>\nCategor\u00eda Promocional: 13:30 hs.<br \/>\nCategor\u00eda 2007: 14:30 hs.<br \/>\nCategor\u00eda 2006: 15:30 hs.<\/p>\n<blockquote><p><strong>JUVENIL<\/strong><\/p><\/blockquote>\n<p>Estudiantes Vs. Juventud, Uni\u00f3n Vs. V\u00e9lez<br \/>\n10:15 hs. Categor\u00eda 2003<br \/>\n11:30 hs. Categor\u00eda 2002<br \/>\n12:45 hs. Categor\u00eda 2001<br \/>\n14:00 hs. Categor\u00eda 2000-99<br \/>\n15:30 hs. Categor\u00eda 2004<br \/>\n16:30 hs. Categor\u00eda 2005<\/p>\n<p>El Front\u00f3n Vs. Mercedes<br \/>\n11:00 hs. Categor\u00eda 2003<br \/>\n12:15 hs. Categor\u00eda 2002<br \/>\n13:30 hs. Categor\u00eda 2001<br \/>\n14:45 hs. Categor\u00eda 2004<br \/>\n16:00 hs. Categor\u00eda 2005<\/p>\n<p>Categor\u00eda 2000-99: Postergado<\/p>\n<p>Los Palometas Vs. Comunicaciones<br \/>\n10:15 hs. Categor\u00eda 2003<br \/>\n11:30 hs. Categor\u00eda 2002<br \/>\n12:45 hs. Categor\u00eda 2004<br \/>\n14:00 hs. Categor\u00eda 2005<\/p>\n<p>Mercedes \u201cA\u201d Vs. Quilmes<br \/>\n11:00 hs. Categor\u00eda 2003<br \/>\n12:15 hs. Categor\u00eda 2002<br \/>\n13:30 hs. Categor\u00eda 2001<br \/>\n14:45 hs. Categor\u00eda 2004<br \/>\n16:00 hs. Categor\u00eda 2005<\/p>\n<p>Defensores Jrs. Vs. Los Vascos<br \/>\n11:00 hs. Categor\u00eda 2003<br \/>\n12:15 hs. Categor\u00eda 2002<br \/>\n13:30 hs. Categor\u00eda 2000-99<br \/>\n14:45 hs. Categor\u00eda 2004<br \/>\n16:00 hs. Categor\u00eda 2005<\/p>\n<p>Ateneo Vs. Pabell\u00f3n Argentino<br \/>\n10:15 hs. Categor\u00eda 2002<br \/>\n11:30 hs. Categor\u00eda 2001<br \/>\n12:45 hs. Categor\u00eda 99-2000<br \/>\n14:30 hs. Categor\u00eda 2003<br \/>\n15:45 hs. Categor\u00eda 2004<\/p>\n","protected":false},"excerpt":{"rendered":"<p>PRIMERA DIVISION S\u00e1bado 1 de octubre, cancha Liga Mercedina 13:00 hs. Quilmes Vs. Pabell\u00f3n Argentino 15:00 hs. Comunicaciones Vs. Costa Brava Domingo 2 de octubre, cancha Liga Mercedina 14:00 hs. Estudiantes Vs. Los Palometas 16:00 hs. El Tim\u00f3n Vs. Mercedes Domingo 2 de octubre, cancha Juventud 16:00 hs. Juventud Vs. V\u00e9lez Sarsfield Domingo 2 de octubre, cancha San Marcos 16:00<\/p>\n","protected":false},"author":2,"featured_media":0,"comment_status":"open","ping_status":"open","sticky":false,"template":"","format":"standard","meta":{"footnotes":""},"categories":[4],"tags":[],"class_list":["post-17556","post","type-post","status-publish","format-standard","hentry","category-informaciongeneral"],"_links":{"self":[{"href":"https:\/\/ligamercedina.com\/web\/wp-json\/wp\/v2\/posts\/17556","targetHints":{"allow":["GET"]}}],"collection":[{"href":"https:\/\/ligamercedina.com\/web\/wp-json\/wp\/v2\/posts"}],"about":[{"href":"https:\/\/ligamercedina.com\/web\/wp-json\/wp\/v2\/types\/post"}],"author":[{"embeddable":true,"href":"https:\/\/ligamercedina.com\/web\/wp-json\/wp\/v2\/users\/2"}],"replies":[{"embeddable":true,"href":"https:\/\/ligamercedina.com\/web\/wp-json\/wp\/v2\/comments?post=17556"}],"version-history":[{"count":6,"href":"https:\/\/ligamercedina.com\/web\/wp-json\/wp\/v2\/posts\/17556\/revisions"}],"predecessor-version":[{"id":17568,"href":"https:\/\/ligamercedina.com\/web\/wp-json\/wp\/v2\/posts\/17556\/revisions\/17568"}],"wp:attachment":[{"href":"https:\/\/ligamercedina.com\/web\/wp-json\/wp\/v2\/media?parent=17556"}],"wp:term":[{"taxonomy":"category","embeddable":true,"href":"https:\/\/ligamercedina.com\/web\/wp-json\/wp\/v2\/categories?post=17556"},{"taxonomy":"post_tag","embeddable":true,"href":"https:\/\/ligamercedina.com\/web\/wp-json\/wp\/v2\/tags?post=17556"}],"curies":[{"name":"wp","href":"https:\/\/api.w.org\/{rel}","templated":true}]}}