{"id":17553,"date":"2016-09-26T21:09:50","date_gmt":"2016-09-27T00:09:50","guid":{"rendered":"https:\/\/ligamercedina.com\/web\/?p=17553"},"modified":"2016-09-26T21:11:06","modified_gmt":"2016-09-27T00:11:06","slug":"federacion-norte-arrancan-los-cuartos-de-final-del-nacional-sub-15","status":"publish","type":"post","link":"https:\/\/ligamercedina.com\/web\/federacion-norte-arrancan-los-cuartos-de-final-del-nacional-sub-15\/","title":{"rendered":"FEDERACION NORTE DE FUTBOL: ARRANCAN LOS CUARTOS DE FINAL DEL NACIONAL SUB 15"},"content":{"rendered":"<blockquote><p><strong>MERCEDES Vs ROJAS<\/strong><\/p><\/blockquote>\n<p><strong>D\u00eda:<\/strong> Martes 27\/9\/2016<br \/>\n<strong>Hora:<\/strong> 20:30<br \/>\n<strong>Cancha:<\/strong> Liga Mercedina<\/p>\n<blockquote><p><strong>PERGAMINO Vs Z\u00c1RATE<\/strong><\/p><\/blockquote>\n<p>D\u00eda: Mi\u00e9rcoles 28\/9\/2016<br \/>\nHora: 21:00<br \/>\nCancha: Club Provincial<\/p>\n<blockquote><p><strong>JUNIN Vs SAN PEDRO<\/strong><\/p><\/blockquote>\n<p><strong>D\u00eda:<\/strong> Mi\u00e9rcoles 28\/9\/2016<br \/>\n<strong>Hora:<\/strong> 20:30<br \/>\n<strong>Cancha:<\/strong> Villa Belgrano<\/p>\n<blockquote><p><strong>SAN NICOL\u00c1S Vs BRAGADO<\/strong><\/p><\/blockquote>\n<p><strong>D\u00eda:<\/strong> Jueves 29\/9\/2016<br \/>\n<strong>Hora:<\/strong> 20:30<br \/>\n<strong>Canacha:<\/strong> La Emilia<\/p>\n","protected":false},"excerpt":{"rendered":"<p>MERCEDES Vs ROJAS D\u00eda: Martes 27\/9\/2016 Hora: 20:30 Cancha: Liga Mercedina PERGAMINO Vs Z\u00c1RATE D\u00eda: Mi\u00e9rcoles 28\/9\/2016 Hora: 21:00 Cancha: Club Provincial JUNIN Vs SAN PEDRO D\u00eda: Mi\u00e9rcoles 28\/9\/2016 Hora: 20:30 Cancha: Villa Belgrano SAN NICOL\u00c1S Vs BRAGADO D\u00eda: Jueves 29\/9\/2016 Hora: 20:30 Canacha: La Emilia<\/p>\n","protected":false},"author":2,"featured_media":0,"comment_status":"open","ping_status":"open","sticky":false,"template":"","format":"standard","meta":{"footnotes":""},"categories":[4],"tags":[],"class_list":["post-17553","post","type-post","status-publish","format-standard","hentry","category-informaciongeneral"],"_links":{"self":[{"href":"https:\/\/ligamercedina.com\/web\/wp-json\/wp\/v2\/posts\/17553","targetHints":{"allow":["GET"]}}],"collection":[{"href":"https:\/\/ligamercedina.com\/web\/wp-json\/wp\/v2\/posts"}],"about":[{"href":"https:\/\/ligamercedina.com\/web\/wp-json\/wp\/v2\/types\/post"}],"author":[{"embeddable":true,"href":"https:\/\/ligamercedina.com\/web\/wp-json\/wp\/v2\/users\/2"}],"replies":[{"embeddable":true,"href":"https:\/\/ligamercedina.com\/web\/wp-json\/wp\/v2\/comments?post=17553"}],"version-history":[{"count":2,"href":"https:\/\/ligamercedina.com\/web\/wp-json\/wp\/v2\/posts\/17553\/revisions"}],"predecessor-version":[{"id":17555,"href":"https:\/\/ligamercedina.com\/web\/wp-json\/wp\/v2\/posts\/17553\/revisions\/17555"}],"wp:attachment":[{"href":"https:\/\/ligamercedina.com\/web\/wp-json\/wp\/v2\/media?parent=17553"}],"wp:term":[{"taxonomy":"category","embeddable":true,"href":"https:\/\/ligamercedina.com\/web\/wp-json\/wp\/v2\/categories?post=17553"},{"taxonomy":"post_tag","embeddable":true,"href":"https:\/\/ligamercedina.com\/web\/wp-json\/wp\/v2\/tags?post=17553"}],"curies":[{"name":"wp","href":"https:\/\/api.w.org\/{rel}","templated":true}]}}