{"id":17541,"date":"2016-09-21T21:14:27","date_gmt":"2016-09-22T00:14:27","guid":{"rendered":"https:\/\/ligamercedina.com\/web\/?p=17541"},"modified":"2016-09-21T21:14:53","modified_gmt":"2016-09-22T00:14:53","slug":"partidos-de-primera-y-reserva-suspendidos","status":"publish","type":"post","link":"https:\/\/ligamercedina.com\/web\/partidos-de-primera-y-reserva-suspendidos\/","title":{"rendered":"PARTIDOS DE PRIMERA Y RESERVA SUSPENDIDOS"},"content":{"rendered":"<blockquote><p><strong>Se informa que hace minutos finaliz\u00f3 una reuni\u00f3n en la sede de la Liga Mercedina, con presencia de representantes de distintas instituciones afiliadas para tratar situaci\u00f3n planteada con los operativos de seguridad para los encuentros del fin de semana.<\/p>\n<p>En este sentido, analizado los hechos, se decidi\u00f3 por unanimidad SUSPENDER todos los partidos programados para el FIN DE SEMANA, correspondientes a los cert\u00e1menes de PRIMERA DIVISION y RESERVA, tanto los programados en nuestra ciudad como tambi\u00e9n en otras localidades.<\/p>\n<p>Se informa que la Jefatura Departamental solicit\u00f3 una dotaci\u00f3n de 15 polic\u00edas para el partido a jugarse entre Mercedes y El Tim\u00f3n el d\u00eda viernes, y otros 10 para el encuentro entre Comunicaciones y Costa Brava el d\u00eda s\u00e1bado.<\/p>\n<p>Dado que los costos son imposibles de cubrir por parte de las instituciones y la Liga se tom\u00f3 la decisi\u00f3n a la vez que se solicit\u00f3 una reuni\u00f3n con el titular de la Jefatura Departamental a los fines de encontrar soluciones.<\/strong><strong><\/p><\/blockquote>\n","protected":false},"excerpt":{"rendered":"<p>Se informa que hace minutos finaliz\u00f3 una reuni\u00f3n en la sede de la Liga Mercedina, con presencia de representantes de distintas instituciones afiliadas para tratar situaci\u00f3n planteada con los operativos de seguridad para los encuentros del fin de semana. En este sentido, analizado los hechos, se decidi\u00f3 por unanimidad SUSPENDER todos los partidos programados para el FIN DE SEMANA, correspondientes<\/p>\n","protected":false},"author":2,"featured_media":0,"comment_status":"open","ping_status":"open","sticky":false,"template":"","format":"standard","meta":{"footnotes":""},"categories":[4],"tags":[],"class_list":["post-17541","post","type-post","status-publish","format-standard","hentry","category-informaciongeneral"],"_links":{"self":[{"href":"https:\/\/ligamercedina.com\/web\/wp-json\/wp\/v2\/posts\/17541","targetHints":{"allow":["GET"]}}],"collection":[{"href":"https:\/\/ligamercedina.com\/web\/wp-json\/wp\/v2\/posts"}],"about":[{"href":"https:\/\/ligamercedina.com\/web\/wp-json\/wp\/v2\/types\/post"}],"author":[{"embeddable":true,"href":"https:\/\/ligamercedina.com\/web\/wp-json\/wp\/v2\/users\/2"}],"replies":[{"embeddable":true,"href":"https:\/\/ligamercedina.com\/web\/wp-json\/wp\/v2\/comments?post=17541"}],"version-history":[{"count":2,"href":"https:\/\/ligamercedina.com\/web\/wp-json\/wp\/v2\/posts\/17541\/revisions"}],"predecessor-version":[{"id":17543,"href":"https:\/\/ligamercedina.com\/web\/wp-json\/wp\/v2\/posts\/17541\/revisions\/17543"}],"wp:attachment":[{"href":"https:\/\/ligamercedina.com\/web\/wp-json\/wp\/v2\/media?parent=17541"}],"wp:term":[{"taxonomy":"category","embeddable":true,"href":"https:\/\/ligamercedina.com\/web\/wp-json\/wp\/v2\/categories?post=17541"},{"taxonomy":"post_tag","embeddable":true,"href":"https:\/\/ligamercedina.com\/web\/wp-json\/wp\/v2\/tags?post=17541"}],"curies":[{"name":"wp","href":"https:\/\/api.w.org\/{rel}","templated":true}]}}