{"id":17534,"date":"2016-09-20T23:18:24","date_gmt":"2016-09-21T02:18:24","guid":{"rendered":"https:\/\/ligamercedina.com\/web\/?p=17534"},"modified":"2016-09-20T23:21:20","modified_gmt":"2016-09-21T02:21:20","slug":"horarios-para-el-fin-de-semana-108","status":"publish","type":"post","link":"https:\/\/ligamercedina.com\/web\/horarios-para-el-fin-de-semana-108\/","title":{"rendered":"HORARIOS PARA EL FIN DE SEMANA"},"content":{"rendered":"<blockquote><p><strong>PRIMERA DIVISION<\/strong><\/p><\/blockquote>\n<p><em><strong>Viernes 23 de septiembre, cancha Liga Mercedina<\/strong><\/em><br \/>\n20:15 hs. Estudiantes Vs. Los Palometas<br \/>\n22:00 hs. El Tim\u00f3n Vs. Mercedes<\/p>\n<p><em><strong>S\u00e1bado 24 de septiembre, cancha Liga Mercedina<\/strong><\/em><br \/>\n13:00 hs. Quilmes Vs. Pabell\u00f3n Argentino<br \/>\n1500 hs. Comunicaciones Vs. Costa Brava<\/p>\n<p><em><strong>Domingo 25 de septiembre, cancha Juventud<\/strong><\/em><br \/>\n16:00 hs. Juventud Vs. V\u00e9lez Sarsfield<\/p>\n<p><em><strong>Domingo 25 de septiembre, cancha San Marcos<\/strong><\/em><br \/>\n16:00 hs. San Marcos Vs. El Front\u00f3n<\/p>\n<blockquote><p><strong>RESERVA<\/strong><\/p><\/blockquote>\n<p><em><strong>Viernes 23 de septiembre, cancha Mercedes<\/strong><\/em><br \/>\n19:45 hs. El Tim\u00f3n Vs. Mercedes<\/p>\n<p><em><strong>S\u00e1bado 24 de septiembre, cancha Ateneo<\/strong><\/em><br \/>\n14:00 hs. Uni\u00f3n Vs. Trocha<br \/>\n15:45 hs. Quilmes Vs. Pabell\u00f3n Argentino<\/p>\n<p><em><strong>S\u00e1bado 24 de septiembre, cancha Mercedes<\/strong><\/em><br \/>\n15:00 hs. Estudiantes Vs. Los Palometas<\/p>\n<p><em><strong>S\u00e1bado 24 de septiembre, cancha Liga Mercedina<\/strong><\/em><br \/>\n17:00 hs. Comunicaciones Vs. Costa Brava<\/p>\n<p><em><strong>Domingo 25 de septiembre, cancha Juventud<\/strong><\/em><br \/>\n14:00 hs. Juventud Vs. V\u00e9lez Sarsfield<\/p>\n<p><em><strong>Domingo 25 de septiembre, cancha San Marcos<\/strong><\/em><br \/>\n14:00 hs. San Marcos Vs. El Front\u00f3n<\/p>\n<blockquote><p><strong>INFANTIL<\/strong><\/p><\/blockquote>\n<p>Los Vascos Vs. El Front\u00f3n, Mercedes Vs. Ateneo, Quilmes Vs. Uni\u00f3n, Juventud Vs. Los Palometas, Comunicaciones Vs. Mercedes \u201cA\u201d, V\u00e9lez Sarsfield Vs. Defensores Jrs.<br \/>\nCategor\u00eda Promocional: 13:30 hs.<br \/>\nCategor\u00eda 2007: 14:30 hs.<br \/>\nCategor\u00eda 2006: 15:30 hs.<\/p>\n<blockquote><p><strong>JUVENIL<\/strong><\/p><\/blockquote>\n<p>Los Vascos Vs. El Front\u00f3n, Quilmes Vs. Uni\u00f3n<br \/>\n10:15 hs. Categor\u00eda 2003<br \/>\n11:30 hs. Categor\u00eda 2002<br \/>\n12:45 hs. Categor\u00eda 2001<br \/>\n14:00 hs. Categor\u00eda 2000-99<br \/>\n15:30 hs. Categor\u00eda 2004<br \/>\n16:30 hs. Categor\u00eda 2005<\/p>\n<p>Mercedes Vs. Ateneo<br \/>\n11:00 hs. Categor\u00eda 2001<br \/>\n12:15 hs. Categor\u00eda 2005<br \/>\n13:30 hs. Categor\u00eda 2000-99<\/p>\n<p>Juventud Vs. Los Palometas<br \/>\n12:00 hs. Categor\u00eda 2003<br \/>\n13:15 hs. Categor\u00eda 2002<br \/>\n14:30 hs. Categor\u00eda 2004<br \/>\n15:45 hs. Categor\u00eda 2005<\/p>\n<p>Comunicaciones Vs. Mercedes \u201cA\u201d<br \/>\n11:00 hs. Categor\u00eda 2003<br \/>\n12:15 hs. Categor\u00eda 2002<br \/>\n13:30 hs. Categor\u00eda 2001<br \/>\n14:45 hs. Categor\u00eda 2004<br \/>\n16:00 hs. Categor\u00eda 2005<\/p>\n<p>V\u00e9lez Sarsfield Vs. Defensores Jrs.<br \/>\n11:00 hs. Categor\u00eda 2003<br \/>\n12:15 hs. Categor\u00eda 2002<br \/>\n13:30 hs. Categor\u00eda 2000-99<br \/>\n14:45 hs. Categor\u00eda 2004<br \/>\n16:00 hs. Categor\u00eda 2005<\/p>\n<p>Pabell\u00f3n Argentino Vs. Estudiantes<br \/>\n11:00 hs. Categor\u00eda 2003<br \/>\n12:15 hs. Categor\u00eda 2002<br \/>\n13:30 hs. Categor\u00eda 2001<br \/>\n14:45 hs. Categor\u00eda 2000-99<br \/>\n16:15 hs. Categor\u00eda 2004<\/p>\n","protected":false},"excerpt":{"rendered":"<p>PRIMERA DIVISION Viernes 23 de septiembre, cancha Liga Mercedina 20:15 hs. Estudiantes Vs. Los Palometas 22:00 hs. El Tim\u00f3n Vs. Mercedes S\u00e1bado 24 de septiembre, cancha Liga Mercedina 13:00 hs. Quilmes Vs. Pabell\u00f3n Argentino 1500 hs. Comunicaciones Vs. Costa Brava Domingo 25 de septiembre, cancha Juventud 16:00 hs. Juventud Vs. V\u00e9lez Sarsfield Domingo 25 de septiembre, cancha San Marcos 16:00<\/p>\n","protected":false},"author":2,"featured_media":0,"comment_status":"open","ping_status":"open","sticky":false,"template":"","format":"standard","meta":{"footnotes":""},"categories":[4],"tags":[],"class_list":["post-17534","post","type-post","status-publish","format-standard","hentry","category-informaciongeneral"],"_links":{"self":[{"href":"https:\/\/ligamercedina.com\/web\/wp-json\/wp\/v2\/posts\/17534","targetHints":{"allow":["GET"]}}],"collection":[{"href":"https:\/\/ligamercedina.com\/web\/wp-json\/wp\/v2\/posts"}],"about":[{"href":"https:\/\/ligamercedina.com\/web\/wp-json\/wp\/v2\/types\/post"}],"author":[{"embeddable":true,"href":"https:\/\/ligamercedina.com\/web\/wp-json\/wp\/v2\/users\/2"}],"replies":[{"embeddable":true,"href":"https:\/\/ligamercedina.com\/web\/wp-json\/wp\/v2\/comments?post=17534"}],"version-history":[{"count":3,"href":"https:\/\/ligamercedina.com\/web\/wp-json\/wp\/v2\/posts\/17534\/revisions"}],"predecessor-version":[{"id":17537,"href":"https:\/\/ligamercedina.com\/web\/wp-json\/wp\/v2\/posts\/17534\/revisions\/17537"}],"wp:attachment":[{"href":"https:\/\/ligamercedina.com\/web\/wp-json\/wp\/v2\/media?parent=17534"}],"wp:term":[{"taxonomy":"category","embeddable":true,"href":"https:\/\/ligamercedina.com\/web\/wp-json\/wp\/v2\/categories?post=17534"},{"taxonomy":"post_tag","embeddable":true,"href":"https:\/\/ligamercedina.com\/web\/wp-json\/wp\/v2\/tags?post=17534"}],"curies":[{"name":"wp","href":"https:\/\/api.w.org\/{rel}","templated":true}]}}