{"id":17517,"date":"2016-09-19T13:33:55","date_gmt":"2016-09-19T16:33:55","guid":{"rendered":"https:\/\/ligamercedina.com\/web\/?p=17517"},"modified":"2016-09-19T13:33:55","modified_gmt":"2016-09-19T16:33:55","slug":"reserva-resultados-y-posiciones-4","status":"publish","type":"post","link":"https:\/\/ligamercedina.com\/web\/reserva-resultados-y-posiciones-4\/","title":{"rendered":"RESERVA: RESULTADOS Y POSICIONES"},"content":{"rendered":"<p><strong>PABELLON ARGENTINO: -1-;<\/strong>  Franco Monz\u00f3n<br \/>\n<strong>EL TIMON: -0-<\/strong><\/p>\n<p><strong>QUILMES: -4-;<\/strong> Cristian Sandoval (2), Alejandro Carrera, Angel Far\u00edas<br \/>\n<strong>LOS PALOMETAS: -1-;<\/strong> Edward Doria<\/p>\n<p><strong>COMUNICACIONES: -2-<\/strong><br \/>\n<strong>ATENEO: -2-<\/strong><\/p>\n<p><strong>MERCEDES: -2-;<\/strong> Thiago Portesi, Ezequiel Avelar<br \/>\n<strong>UNION: -0-<\/strong><\/p>\n<p><strong>TROCHA:  -2-;<\/strong> Mat\u00edas Roveda, Alexis Salinas<br \/>\n<strong>JUVENTUD:  -2-;<\/strong> Vicente Bernal, Germ\u00e1n Hern\u00e1ndez<\/p>\n<p><strong>EL FRONTON: -4-<br \/>\nESTUDIANTES: -2-<\/strong><\/p>\n<p><strong>COSTA BRAVA: -1-;<\/strong> Franco Mart\u00ednez<br \/>\n<strong>VELEZ SARSFIELD: -3-;<\/strong> Maximiliano B\u00e1ez (3)<\/p>\n<p><a href=\"https:\/\/ligamercedina.com\/web\/wp-content\/uploads\/2016\/09\/TERCA.jpg\"><img loading=\"lazy\" decoding=\"async\" src=\"https:\/\/ligamercedina.com\/web\/wp-content\/uploads\/2016\/09\/TERCA.jpg\" alt=\"terca\" width=\"353\" height=\"461\" class=\"aligncenter size-full wp-image-17518\" srcset=\"https:\/\/ligamercedina.com\/web\/wp-content\/uploads\/2016\/09\/TERCA.jpg 353w, https:\/\/ligamercedina.com\/web\/wp-content\/uploads\/2016\/09\/TERCA-230x300.jpg 230w\" sizes=\"auto, (max-width: 353px) 100vw, 353px\" \/><\/a><\/p>\n","protected":false},"excerpt":{"rendered":"<p>PABELLON ARGENTINO: -1-; Franco Monz\u00f3n EL TIMON: -0- QUILMES: -4-; Cristian Sandoval (2), Alejandro Carrera, Angel Far\u00edas LOS PALOMETAS: -1-; Edward Doria COMUNICACIONES: -2- ATENEO: -2- MERCEDES: -2-; Thiago Portesi, Ezequiel Avelar UNION: -0- TROCHA: -2-; Mat\u00edas Roveda, Alexis Salinas JUVENTUD: -2-; Vicente Bernal, Germ\u00e1n Hern\u00e1ndez EL FRONTON: -4- ESTUDIANTES: -2- COSTA BRAVA: -1-; Franco Mart\u00ednez VELEZ SARSFIELD: -3-; Maximiliano<\/p>\n","protected":false},"author":2,"featured_media":0,"comment_status":"open","ping_status":"open","sticky":false,"template":"","format":"standard","meta":{"footnotes":""},"categories":[4],"tags":[],"class_list":["post-17517","post","type-post","status-publish","format-standard","hentry","category-informaciongeneral"],"_links":{"self":[{"href":"https:\/\/ligamercedina.com\/web\/wp-json\/wp\/v2\/posts\/17517","targetHints":{"allow":["GET"]}}],"collection":[{"href":"https:\/\/ligamercedina.com\/web\/wp-json\/wp\/v2\/posts"}],"about":[{"href":"https:\/\/ligamercedina.com\/web\/wp-json\/wp\/v2\/types\/post"}],"author":[{"embeddable":true,"href":"https:\/\/ligamercedina.com\/web\/wp-json\/wp\/v2\/users\/2"}],"replies":[{"embeddable":true,"href":"https:\/\/ligamercedina.com\/web\/wp-json\/wp\/v2\/comments?post=17517"}],"version-history":[{"count":1,"href":"https:\/\/ligamercedina.com\/web\/wp-json\/wp\/v2\/posts\/17517\/revisions"}],"predecessor-version":[{"id":17519,"href":"https:\/\/ligamercedina.com\/web\/wp-json\/wp\/v2\/posts\/17517\/revisions\/17519"}],"wp:attachment":[{"href":"https:\/\/ligamercedina.com\/web\/wp-json\/wp\/v2\/media?parent=17517"}],"wp:term":[{"taxonomy":"category","embeddable":true,"href":"https:\/\/ligamercedina.com\/web\/wp-json\/wp\/v2\/categories?post=17517"},{"taxonomy":"post_tag","embeddable":true,"href":"https:\/\/ligamercedina.com\/web\/wp-json\/wp\/v2\/tags?post=17517"}],"curies":[{"name":"wp","href":"https:\/\/api.w.org\/{rel}","templated":true}]}}