{"id":17456,"date":"2016-09-10T00:10:32","date_gmt":"2016-09-10T03:10:32","guid":{"rendered":"https:\/\/ligamercedina.com\/web\/?p=17456"},"modified":"2016-09-10T00:10:32","modified_gmt":"2016-09-10T03:10:32","slug":"reunion-de-delegados-4","status":"publish","type":"post","link":"https:\/\/ligamercedina.com\/web\/reunion-de-delegados-4\/","title":{"rendered":"REUNION DE DELEGADOS"},"content":{"rendered":"<p><strong>Se informa a los clubes afiliados que en la noche del lunes 12 de septiembre, desde las 20 horas, se concretar\u00e1 una reuni\u00f3n de delegados con el fin de dar tratamiento a distintos puntos de la organizaci\u00f3n.<\/p>\n<p>Se destaca que entre los puntos a abordar se encuentra la situaci\u00f3n de los clubes de Primera Divisi\u00f3n, imposibilitados actualmente de tener la asistencia de p\u00fablico.<\/strong><\/p>\n","protected":false},"excerpt":{"rendered":"<p>Se informa a los clubes afiliados que en la noche del lunes 12 de septiembre, desde las 20 horas, se concretar\u00e1 una reuni\u00f3n de delegados con el fin de dar tratamiento a distintos puntos de la organizaci\u00f3n. Se destaca que entre los puntos a abordar se encuentra la situaci\u00f3n de los clubes de Primera Divisi\u00f3n, imposibilitados actualmente de tener la<\/p>\n","protected":false},"author":2,"featured_media":0,"comment_status":"open","ping_status":"open","sticky":false,"template":"","format":"standard","meta":{"footnotes":""},"categories":[4],"tags":[],"class_list":["post-17456","post","type-post","status-publish","format-standard","hentry","category-informaciongeneral"],"_links":{"self":[{"href":"https:\/\/ligamercedina.com\/web\/wp-json\/wp\/v2\/posts\/17456","targetHints":{"allow":["GET"]}}],"collection":[{"href":"https:\/\/ligamercedina.com\/web\/wp-json\/wp\/v2\/posts"}],"about":[{"href":"https:\/\/ligamercedina.com\/web\/wp-json\/wp\/v2\/types\/post"}],"author":[{"embeddable":true,"href":"https:\/\/ligamercedina.com\/web\/wp-json\/wp\/v2\/users\/2"}],"replies":[{"embeddable":true,"href":"https:\/\/ligamercedina.com\/web\/wp-json\/wp\/v2\/comments?post=17456"}],"version-history":[{"count":1,"href":"https:\/\/ligamercedina.com\/web\/wp-json\/wp\/v2\/posts\/17456\/revisions"}],"predecessor-version":[{"id":17457,"href":"https:\/\/ligamercedina.com\/web\/wp-json\/wp\/v2\/posts\/17456\/revisions\/17457"}],"wp:attachment":[{"href":"https:\/\/ligamercedina.com\/web\/wp-json\/wp\/v2\/media?parent=17456"}],"wp:term":[{"taxonomy":"category","embeddable":true,"href":"https:\/\/ligamercedina.com\/web\/wp-json\/wp\/v2\/categories?post=17456"},{"taxonomy":"post_tag","embeddable":true,"href":"https:\/\/ligamercedina.com\/web\/wp-json\/wp\/v2\/tags?post=17456"}],"curies":[{"name":"wp","href":"https:\/\/api.w.org\/{rel}","templated":true}]}}