{"id":17423,"date":"2016-09-05T15:29:30","date_gmt":"2016-09-05T18:29:30","guid":{"rendered":"https:\/\/ligamercedina.com\/web\/?p=17423"},"modified":"2016-09-05T15:29:30","modified_gmt":"2016-09-05T18:29:30","slug":"fixture-primera-division","status":"publish","type":"post","link":"https:\/\/ligamercedina.com\/web\/fixture-primera-division\/","title":{"rendered":"FIXTURE PRIMERA DIVISION"},"content":{"rendered":"<blockquote><p><strong>FECHA 1<\/strong><\/p><\/blockquote>\n<p>Trocha Vs. V\u00e9lez<br \/>\nJuventud Vs. Mercedes<br \/>\nEl Tim\u00f3n Vs. Los Palometas<br \/>\nSan Marcos Vs. Comunicaciones<br \/>\nAteneo Vs. Costa Brava<br \/>\n<em><strong>Libre:<\/strong><\/em>Quilmes y El Front\u00f3n<\/p>\n<blockquote><p><strong>FECHA 2<\/strong><\/p><\/blockquote>\n<p>V\u00e9lez Vs. San Marcos<br \/>\nAteneo Vs. Estudiantes<br \/>\nCosta Brava Vs. Quilmes<br \/>\nComunicaciones Vs. El Tim\u00f3n<br \/>\nEl Front\u00f3n Vs. Juventud<br \/>\nLos Palometas Vs. Trocha<br \/>\nPabell\u00f3n Argentino Vs. Mercedes<\/p>\n<blockquote><p><strong>FECHA 3<\/strong><\/p><\/blockquote>\n<p>Mercedes Vs. V\u00e9lez<br \/>\nPabell\u00f3n Argentino Vs. Trocha<br \/>\nJuventud Vs. Los Palometas<br \/>\nQuilmes Vs. Comunicaciones<br \/>\nEstudiantes Vs. Costa Brava<br \/>\nSan Marcos Vs. Ateneo<br \/>\n<em><strong>Libre:<\/strong><\/em> El Front\u00f3n y El Tim\u00f3n<\/p>\n<blockquote><p><strong>FECHA 4<\/strong><\/p><\/blockquote>\n<p>Pabell\u00f3n Argentino Vs. V\u00e9lez (Jugado)<br \/>\nCosta Brava Vs. El Tim\u00f3n (Jugado)<br \/>\nMercedes Vs. Los Palometas<br \/>\nTrocha Vs. El Front\u00f3n<br \/>\nQuilmes Vs. Ateneo<br \/>\nEstudiantes Vs. San Marcos FC<br \/>\n<em><strong>Libre:<\/strong><\/em> Juventud y Comunicaciones<\/p>\n<blockquote><p><strong>FECHA 5<\/strong><\/p><\/blockquote>\n<p>V\u00e9lez Vs. Ateneo<br \/>\nCosta Brava Vs. San Marcos<br \/>\nComunicaciones Vs. Estudiantes<br \/>\nEl Front\u00f3n Vs. El Tim\u00f3n<br \/>\nPabell\u00f3n Argentino Vs. Juventud<br \/>\nMercedes Vs. Trocha<br \/>\n<em><strong>Libre:<\/strong><\/em> Quilmes y Los Palometas<\/p>\n<blockquote><p><strong>FECHA 6<\/strong><\/p><\/blockquote>\n<p>Costa Brava Vs. V\u00e9lez<br \/>\nComunicaciones Vs. Ateneo<br \/>\nEl Front\u00f3n Vs. Estudiantes<br \/>\nLos Palometas Vs. Quilmes<br \/>\nPabell\u00f3n Argentino Vs. El Tim\u00f3n<br \/>\nTrocha Vs. Juventud<br \/>\n<em><strong>Libre:<\/strong><\/em> San Marcos y Mercedes<\/p>\n<blockquote><p><strong>FECHA 7<\/strong><\/p><\/blockquote>\n<p>Juventud Vs. V\u00e9lez<br \/>\nEl Tim\u00f3n Vs. Mercedes<br \/>\nQuilmes Vs. Pabell\u00f3n Argentino<br \/>\nEstudiantes Vs. Los Palometas<br \/>\nSan Marcos Vs. El Front\u00f3n<br \/>\nComunicaciones Vs. Costa Brava<br \/>\n<em><strong>Libre:<\/strong><\/em> Ateneo y Trocha<\/p>\n<blockquote><p><strong>FECHA 8<\/strong><\/p><\/blockquote>\n<p>V\u00e9lez Vs. Comunicaciones<br \/>\nEl Front\u00f3n Vs. Ateneo<br \/>\nLos Palometas Vs. San Marcos FC<br \/>\nPabell\u00f3n Argentino Vs. Estudiantes<br \/>\nMercedes Vs. Quilmes<br \/>\nTrocha Vs. El Tim\u00f3n<br \/>\n<em><strong>Libre:<\/strong><\/em> Juventud &#8211; Costa Brava<\/p>\n<blockquote><p><strong>FECHA 9<\/strong><\/p><\/blockquote>\n<p>El Tim\u00f3n Vs. Juventud<br \/>\nQuilmes Vs. Trocha<br \/>\nEstudiantes Vs. Mercedes<br \/>\nSan Marcos Vs. Pabell\u00f3n Argentino<br \/>\nAteneo Vs. Los Palometas<br \/>\nCosta Brava Vs. El Front\u00f3n<br \/>\n<em><strong>Libre:<\/strong><\/em> Comunicaciones y V\u00e9lez<\/p>\n<blockquote><p><strong>FECHA 10<\/strong><\/p><\/blockquote>\n<p>El Front\u00f3n Vs. Comunicaciones<br \/>\nLos Palometas Vs. Costa Brava<br \/>\nPabell\u00f3n Argentino Vs. Ateneo<br \/>\nMercedes Vs. San Marcos<br \/>\nTrocha Vs. Estudiantes<br \/>\nJuventud Vs. Quilmes<br \/>\n<em><strong>Libre:<\/strong><\/em> El Tim\u00f3n y V\u00e9lez<\/p>\n<blockquote><p><strong>FECHA 11<\/strong><\/p><\/blockquote>\n<p>El Tim\u00f3n Vs. V\u00e9lez<br \/>\nEstudiantes Vs. Juventud<br \/>\nSan Marcos Vs. Trocha<br \/>\nAteneo Vs. Mercedes<br \/>\nCosta Brava Vs. Pabell\u00f3n Argentino<br \/>\nComunicaciones Vs Los Palometas<br \/>\nQuilmes Vs. El Front\u00f3n<\/p>\n<blockquote><p><strong>FECHA 12<\/strong><\/p><\/blockquote>\n<p>V\u00e9lez Vs. El Front\u00f3n<br \/>\nPabell\u00f3n Argentino Vs. Comunicaciones<br \/>\nMercedes Vs. Costa Brava<br \/>\nTrocha Vs. Ateneo<br \/>\nJuventud Vs. San Marcos<br \/>\nEl Tim\u00f3n Vs. Quilmes<br \/>\n<em><strong>Libre:<\/strong><\/em> Palometas y Estudiantes<\/p>\n<blockquote><p><strong>FECHA 13<\/strong><\/p><\/blockquote>\n<p>Quilmes Vs. V\u00e9lez<br \/>\nEstudiantes Vs. El Tim\u00f3n<br \/>\nAteneo Vs. Juventud<br \/>\nCosta Brava Vs. Trocha<br \/>\nComunicaciones Vs. Mercedes<br \/>\nEl Front\u00f3n Vs. Los Palometas<br \/>\n<em><strong>Libre:<\/strong><\/em> San Marcos y Pabell\u00f3n Argentino<\/p>\n<blockquote><p><strong>FECHA 14<\/strong><\/p><\/blockquote>\n<p>V\u00e9lez Vs. Los Palometas<br \/>\nPabell\u00f3n Argentino Vs. El Front\u00f3n<br \/>\nTrocha Vs. Comunicaciones<br \/>\nJuventud Vs. Costa Brava<br \/>\nEl Tim\u00f3n Vs. San Marcos<br \/>\nQuilmes Vs. Estudiantes<br \/>\n<em><strong>Libre:<\/strong><\/em> Mercedes y Ateneo<\/p>\n<blockquote><p><strong>FECHA 15<\/strong><\/p><\/blockquote>\n<p>Estudiantes Vs. V\u00e9lez<br \/>\nSan Marcos Vs. Quilmes<br \/>\nAteneo Vs. El Tim\u00f3n<br \/>\nComunicaciones Vs. Juventud<br \/>\nEl Front\u00f3n Vs. Mercedes<br \/>\nLos Palometas Vs. Pabell\u00f3n Argentino<br \/>\n<em><strong>Libre:<\/strong><\/em> Costa Brava y Trocha<\/p>\n","protected":false},"excerpt":{"rendered":"<p>FECHA 1 Trocha Vs. V\u00e9lez Juventud Vs. Mercedes El Tim\u00f3n Vs. Los Palometas San Marcos Vs. Comunicaciones Ateneo Vs. Costa Brava Libre:Quilmes y El Front\u00f3n FECHA 2 V\u00e9lez Vs. San Marcos Ateneo Vs. Estudiantes Costa Brava Vs. Quilmes Comunicaciones Vs. El Tim\u00f3n El Front\u00f3n Vs. Juventud Los Palometas Vs. Trocha Pabell\u00f3n Argentino Vs. Mercedes FECHA 3 Mercedes Vs. V\u00e9lez Pabell\u00f3n<\/p>\n","protected":false},"author":2,"featured_media":0,"comment_status":"open","ping_status":"open","sticky":false,"template":"","format":"standard","meta":{"footnotes":""},"categories":[4],"tags":[],"class_list":["post-17423","post","type-post","status-publish","format-standard","hentry","category-informaciongeneral"],"_links":{"self":[{"href":"https:\/\/ligamercedina.com\/web\/wp-json\/wp\/v2\/posts\/17423","targetHints":{"allow":["GET"]}}],"collection":[{"href":"https:\/\/ligamercedina.com\/web\/wp-json\/wp\/v2\/posts"}],"about":[{"href":"https:\/\/ligamercedina.com\/web\/wp-json\/wp\/v2\/types\/post"}],"author":[{"embeddable":true,"href":"https:\/\/ligamercedina.com\/web\/wp-json\/wp\/v2\/users\/2"}],"replies":[{"embeddable":true,"href":"https:\/\/ligamercedina.com\/web\/wp-json\/wp\/v2\/comments?post=17423"}],"version-history":[{"count":1,"href":"https:\/\/ligamercedina.com\/web\/wp-json\/wp\/v2\/posts\/17423\/revisions"}],"predecessor-version":[{"id":17424,"href":"https:\/\/ligamercedina.com\/web\/wp-json\/wp\/v2\/posts\/17423\/revisions\/17424"}],"wp:attachment":[{"href":"https:\/\/ligamercedina.com\/web\/wp-json\/wp\/v2\/media?parent=17423"}],"wp:term":[{"taxonomy":"category","embeddable":true,"href":"https:\/\/ligamercedina.com\/web\/wp-json\/wp\/v2\/categories?post=17423"},{"taxonomy":"post_tag","embeddable":true,"href":"https:\/\/ligamercedina.com\/web\/wp-json\/wp\/v2\/tags?post=17423"}],"curies":[{"name":"wp","href":"https:\/\/api.w.org\/{rel}","templated":true}]}}