{"id":17394,"date":"2016-08-28T18:36:41","date_gmt":"2016-08-28T21:36:41","guid":{"rendered":"https:\/\/ligamercedina.com\/web\/?p=17394"},"modified":"2016-08-28T18:36:57","modified_gmt":"2016-08-28T21:36:57","slug":"sin-futbol-entre-semana","status":"publish","type":"post","link":"https:\/\/ligamercedina.com\/web\/sin-futbol-entre-semana\/","title":{"rendered":"SIN FUTBOL ENTRE SEMANA"},"content":{"rendered":"<p><strong>A partir de la suspensi\u00f3n de la fecha de este fin de semana se informa que los partidos que en principio deb\u00edan jugarse mi\u00e9rcoles y jueves correspondientes a Primera Divisi\u00f3n tambi\u00e9n est\u00e1n suspendidos.<br \/>\nEsto se fundamenta en que hab\u00eda quedado definido que dichos encuentros se jugar\u00edan despu\u00e9s de la fecha 3.<\/strong><\/p>\n","protected":false},"excerpt":{"rendered":"<p>A partir de la suspensi\u00f3n de la fecha de este fin de semana se informa que los partidos que en principio deb\u00edan jugarse mi\u00e9rcoles y jueves correspondientes a Primera Divisi\u00f3n tambi\u00e9n est\u00e1n suspendidos. Esto se fundamenta en que hab\u00eda quedado definido que dichos encuentros se jugar\u00edan despu\u00e9s de la fecha 3.<\/p>\n","protected":false},"author":2,"featured_media":0,"comment_status":"open","ping_status":"open","sticky":false,"template":"","format":"standard","meta":{"footnotes":""},"categories":[4],"tags":[],"class_list":["post-17394","post","type-post","status-publish","format-standard","hentry","category-informaciongeneral"],"_links":{"self":[{"href":"https:\/\/ligamercedina.com\/web\/wp-json\/wp\/v2\/posts\/17394","targetHints":{"allow":["GET"]}}],"collection":[{"href":"https:\/\/ligamercedina.com\/web\/wp-json\/wp\/v2\/posts"}],"about":[{"href":"https:\/\/ligamercedina.com\/web\/wp-json\/wp\/v2\/types\/post"}],"author":[{"embeddable":true,"href":"https:\/\/ligamercedina.com\/web\/wp-json\/wp\/v2\/users\/2"}],"replies":[{"embeddable":true,"href":"https:\/\/ligamercedina.com\/web\/wp-json\/wp\/v2\/comments?post=17394"}],"version-history":[{"count":2,"href":"https:\/\/ligamercedina.com\/web\/wp-json\/wp\/v2\/posts\/17394\/revisions"}],"predecessor-version":[{"id":17396,"href":"https:\/\/ligamercedina.com\/web\/wp-json\/wp\/v2\/posts\/17394\/revisions\/17396"}],"wp:attachment":[{"href":"https:\/\/ligamercedina.com\/web\/wp-json\/wp\/v2\/media?parent=17394"}],"wp:term":[{"taxonomy":"category","embeddable":true,"href":"https:\/\/ligamercedina.com\/web\/wp-json\/wp\/v2\/categories?post=17394"},{"taxonomy":"post_tag","embeddable":true,"href":"https:\/\/ligamercedina.com\/web\/wp-json\/wp\/v2\/tags?post=17394"}],"curies":[{"name":"wp","href":"https:\/\/api.w.org\/{rel}","templated":true}]}}