{"id":17381,"date":"2016-08-27T07:26:30","date_gmt":"2016-08-27T10:26:30","guid":{"rendered":"https:\/\/ligamercedina.com\/web\/?p=17381"},"modified":"2016-08-27T07:26:30","modified_gmt":"2016-08-27T10:26:30","slug":"infanto-juvenil-suspendido-5","status":"publish","type":"post","link":"https:\/\/ligamercedina.com\/web\/infanto-juvenil-suspendido-5\/","title":{"rendered":"INFANTO JUVENIL: SUSPENDIDO"},"content":{"rendered":"<blockquote><p><strong>Siendo las 7:25 del s\u00e1bado,<\/p>\n<p>CONSIDERANDO<br \/>\n            Que en estos momentos se encuentra lloviendo en la ciudad de Mercedes y en algunas de las localidades de la jurisdicci\u00f3n deportiva, a la vez que algunos delegados manifiestan la dificultad para la convocatoria de jugadores en estas circunstancias.<\/p>\n<p>Que muchos \u00e1rbitros deben movilizarse desde localides como Lobos, Luj\u00e1n, y Gran Buenos Aires<\/p>\n<p>Que el pron\u00f3stico indica que continuar\u00e1 el mal tiempo durante toda la jornada<\/p>\n<p>La Comisi\u00f3n Directiva de la Liga, RESUELVE: Suspender toda la actividad de f\u00fatbol infanto &#8211; juvenil programada para hoy s\u00e1bado, ante lo cual los partidos ser\u00e1n reprogramados oportunamente.<\/strong><\/p><\/blockquote>\n","protected":false},"excerpt":{"rendered":"<p>Siendo las 7:25 del s\u00e1bado, CONSIDERANDO Que en estos momentos se encuentra lloviendo en la ciudad de Mercedes y en algunas de las localidades de la jurisdicci\u00f3n deportiva, a la vez que algunos delegados manifiestan la dificultad para la convocatoria de jugadores en estas circunstancias. Que muchos \u00e1rbitros deben movilizarse desde localides como Lobos, Luj\u00e1n, y Gran Buenos Aires Que<\/p>\n","protected":false},"author":2,"featured_media":0,"comment_status":"open","ping_status":"open","sticky":false,"template":"","format":"standard","meta":{"footnotes":""},"categories":[4],"tags":[],"class_list":["post-17381","post","type-post","status-publish","format-standard","hentry","category-informaciongeneral"],"_links":{"self":[{"href":"https:\/\/ligamercedina.com\/web\/wp-json\/wp\/v2\/posts\/17381","targetHints":{"allow":["GET"]}}],"collection":[{"href":"https:\/\/ligamercedina.com\/web\/wp-json\/wp\/v2\/posts"}],"about":[{"href":"https:\/\/ligamercedina.com\/web\/wp-json\/wp\/v2\/types\/post"}],"author":[{"embeddable":true,"href":"https:\/\/ligamercedina.com\/web\/wp-json\/wp\/v2\/users\/2"}],"replies":[{"embeddable":true,"href":"https:\/\/ligamercedina.com\/web\/wp-json\/wp\/v2\/comments?post=17381"}],"version-history":[{"count":1,"href":"https:\/\/ligamercedina.com\/web\/wp-json\/wp\/v2\/posts\/17381\/revisions"}],"predecessor-version":[{"id":17382,"href":"https:\/\/ligamercedina.com\/web\/wp-json\/wp\/v2\/posts\/17381\/revisions\/17382"}],"wp:attachment":[{"href":"https:\/\/ligamercedina.com\/web\/wp-json\/wp\/v2\/media?parent=17381"}],"wp:term":[{"taxonomy":"category","embeddable":true,"href":"https:\/\/ligamercedina.com\/web\/wp-json\/wp\/v2\/categories?post=17381"},{"taxonomy":"post_tag","embeddable":true,"href":"https:\/\/ligamercedina.com\/web\/wp-json\/wp\/v2\/tags?post=17381"}],"curies":[{"name":"wp","href":"https:\/\/api.w.org\/{rel}","templated":true}]}}