{"id":17200,"date":"2016-08-09T15:52:32","date_gmt":"2016-08-09T18:52:32","guid":{"rendered":"https:\/\/ligamercedina.com\/web\/?p=17200"},"modified":"2016-08-09T21:36:50","modified_gmt":"2016-08-10T00:36:50","slug":"infanto-juvenil-horarios-para-el-fin-de-semana-3","status":"publish","type":"post","link":"https:\/\/ligamercedina.com\/web\/infanto-juvenil-horarios-para-el-fin-de-semana-3\/","title":{"rendered":"INFANTO-JUVENIL: HORARIOS PARA EL FIN DE SEMANA"},"content":{"rendered":"<blockquote><p><strong>SABADO 13 DE AGOSTO<\/strong><\/p><\/blockquote>\n<p><strong>INFANTIL<\/strong><br \/>\nQuilmes Vs. Mercedes, Uni\u00f3n Vs. Los Vascos, Estudiantes Vs. Ateneo, Juventud Vs. V\u00e9lez, Mercedes \u201cA\u201d Vs. Defensores Jrs. y Los Palometas Vs. El Front\u00f3n<br \/>\n13:30 hs. Categor\u00eda Promocional<br \/>\n14:30 hs. Categor\u00eda 2007<br \/>\n15:30 hs. Categor\u00eda 2006<\/p>\n<p><strong>JUVENIL<\/strong><br \/>\nQuilmes Vs. Mercedes, Uni\u00f3n Vs. Los Vascos, Estudiantes Vs. Ateneo, Juventud Vs. V\u00e9lez<br \/>\n10:15 hs. Categor\u00eda 2003<br \/>\n11:30 hs. Categor\u00eda 2002<br \/>\n12:45 hs. Categor\u00eda 2001<br \/>\n14:00 hs. Categor\u00eda 2000-99<br \/>\n15:30 hs. Categor\u00eda 2004<br \/>\n16:30 hs. Categor\u00eda 2005<\/p>\n<p>Comunicaciones Vs. Pabell\u00f3n Argentino<br \/>\n10:30 hs. Categor\u00eda 2003<br \/>\n11:45 hs. Categor\u00eda 2002<br \/>\n13:00 hs. Categor\u00eda 2001<br \/>\n14:15 hs. Categor\u00eda 2000-99<br \/>\n15:45 hs. Categor\u00eda 2004<\/p>\n<p>Mercedes \u201cA\u201d Vs. Defensores Jrs.<br \/>\n11:00 hs. Categor\u00eda 2003<br \/>\n12:30 hs. Categor\u00eda 2002<br \/>\n13:45 hs. Categor\u00eda 2004<br \/>\n15:00 hs. Categor\u00eda 2005<\/p>\n<p>Los Palometas Vs. El Front\u00f3n<br \/>\n11:30 hs. Categor\u00eda 2003<br \/>\n12:45 hs. Categor\u00eda 2002<br \/>\n14:00 hs. Categor\u00eda 2004<br \/>\n15:15 hs. Categor\u00eda 2005<\/p>\n","protected":false},"excerpt":{"rendered":"<p>SABADO 13 DE AGOSTO INFANTIL Quilmes Vs. Mercedes, Uni\u00f3n Vs. Los Vascos, Estudiantes Vs. Ateneo, Juventud Vs. V\u00e9lez, Mercedes \u201cA\u201d Vs. Defensores Jrs. y Los Palometas Vs. El Front\u00f3n 13:30 hs. Categor\u00eda Promocional 14:30 hs. Categor\u00eda 2007 15:30 hs. Categor\u00eda 2006 JUVENIL Quilmes Vs. Mercedes, Uni\u00f3n Vs. Los Vascos, Estudiantes Vs. Ateneo, Juventud Vs. V\u00e9lez 10:15 hs. Categor\u00eda 2003 11:30<\/p>\n","protected":false},"author":2,"featured_media":0,"comment_status":"open","ping_status":"open","sticky":false,"template":"","format":"standard","meta":{"footnotes":""},"categories":[4],"tags":[],"class_list":["post-17200","post","type-post","status-publish","format-standard","hentry","category-informaciongeneral"],"_links":{"self":[{"href":"https:\/\/ligamercedina.com\/web\/wp-json\/wp\/v2\/posts\/17200","targetHints":{"allow":["GET"]}}],"collection":[{"href":"https:\/\/ligamercedina.com\/web\/wp-json\/wp\/v2\/posts"}],"about":[{"href":"https:\/\/ligamercedina.com\/web\/wp-json\/wp\/v2\/types\/post"}],"author":[{"embeddable":true,"href":"https:\/\/ligamercedina.com\/web\/wp-json\/wp\/v2\/users\/2"}],"replies":[{"embeddable":true,"href":"https:\/\/ligamercedina.com\/web\/wp-json\/wp\/v2\/comments?post=17200"}],"version-history":[{"count":2,"href":"https:\/\/ligamercedina.com\/web\/wp-json\/wp\/v2\/posts\/17200\/revisions"}],"predecessor-version":[{"id":17206,"href":"https:\/\/ligamercedina.com\/web\/wp-json\/wp\/v2\/posts\/17200\/revisions\/17206"}],"wp:attachment":[{"href":"https:\/\/ligamercedina.com\/web\/wp-json\/wp\/v2\/media?parent=17200"}],"wp:term":[{"taxonomy":"category","embeddable":true,"href":"https:\/\/ligamercedina.com\/web\/wp-json\/wp\/v2\/categories?post=17200"},{"taxonomy":"post_tag","embeddable":true,"href":"https:\/\/ligamercedina.com\/web\/wp-json\/wp\/v2\/tags?post=17200"}],"curies":[{"name":"wp","href":"https:\/\/api.w.org\/{rel}","templated":true}]}}