{"id":17169,"date":"2016-08-03T23:13:39","date_gmt":"2016-08-04T02:13:39","guid":{"rendered":"https:\/\/ligamercedina.com\/web\/?p=17169"},"modified":"2016-08-03T23:34:42","modified_gmt":"2016-08-04T02:34:42","slug":"nacional-sub-15-mercedio-perdio-en-el-arranque","status":"publish","type":"post","link":"https:\/\/ligamercedina.com\/web\/nacional-sub-15-mercedio-perdio-en-el-arranque\/","title":{"rendered":"NACIONAL SUB 15: MERCEDES PERDIO EN EL ARRANQUE"},"content":{"rendered":"<blockquote><p><strong>MERCEDES -0-<\/strong><\/p><\/blockquote>\n<p>Jer\u00f3nimo Corbel, Mauro Ravassa, Esteban Braghi, Facundo P\u00e9rez, Esteban Stillisano, Nicol\u00e1s Fedullo, Miqueas R\u00edos, Ramiro Zeballos, Braian Leguizam\u00f3n, Juan Calder\u00f3n, Pedro Cejas. <em><strong>DT:<\/strong><\/em> Diego Silvestre &#8211; Juan Vitetta<br \/>\n<em><strong>Suplentes:<\/strong><\/em> Franco Tonatto, Marcelo Chaparro, Juan Bautista Bidone, Tob\u00edas Cardinale, Santiago Su\u00e1rez.<\/p>\n<blockquote><p><strong>BRAGADO -1-<\/strong><\/p><\/blockquote>\n<p>Jerem\u00edas Guadoni, Alejo Del Basto, Lautaro Vargas, Daniel Del Basto, Joaqu\u00edn Vicente, Luciano Porras, Franco Villalba, Nicol\u00e1s Munar, Tob\u00edas Molina, Juan Manto, Agust\u00edn Duberti. <em><strong>DT:<\/strong><\/em> Cristian Velasco.<br \/>\n<em><strong>Suplentes:<\/strong><\/em> Federico Rodr\u00edguez, Juan Ramos, Renzo Mart\u00edn, Enzo Quiroga, Rodrigo Manifield<\/p>\n<p><strong>GOL:<\/strong> Alejo Del Basto<br \/>\n<strong>ARBITRO:<\/strong>  Dar\u00edo Moreno (Liga San Antonio de Areco)<\/p>\n[table \u201c9\u201d not found \/]<br \/>\n\n","protected":false},"excerpt":{"rendered":"<p>MERCEDES -0- Jer\u00f3nimo Corbel, Mauro Ravassa, Esteban Braghi, Facundo P\u00e9rez, Esteban Stillisano, Nicol\u00e1s Fedullo, Miqueas R\u00edos, Ramiro Zeballos, Braian Leguizam\u00f3n, Juan Calder\u00f3n, Pedro Cejas. DT: Diego Silvestre &#8211; Juan Vitetta Suplentes: Franco Tonatto, Marcelo Chaparro, Juan Bautista Bidone, Tob\u00edas Cardinale, Santiago Su\u00e1rez. BRAGADO -1- Jerem\u00edas Guadoni, Alejo Del Basto, Lautaro Vargas, Daniel Del Basto, Joaqu\u00edn Vicente, Luciano Porras, Franco Villalba,<\/p>\n","protected":false},"author":2,"featured_media":0,"comment_status":"open","ping_status":"open","sticky":false,"template":"","format":"standard","meta":{"footnotes":""},"categories":[4],"tags":[],"class_list":["post-17169","post","type-post","status-publish","format-standard","hentry","category-informaciongeneral"],"_links":{"self":[{"href":"https:\/\/ligamercedina.com\/web\/wp-json\/wp\/v2\/posts\/17169","targetHints":{"allow":["GET"]}}],"collection":[{"href":"https:\/\/ligamercedina.com\/web\/wp-json\/wp\/v2\/posts"}],"about":[{"href":"https:\/\/ligamercedina.com\/web\/wp-json\/wp\/v2\/types\/post"}],"author":[{"embeddable":true,"href":"https:\/\/ligamercedina.com\/web\/wp-json\/wp\/v2\/users\/2"}],"replies":[{"embeddable":true,"href":"https:\/\/ligamercedina.com\/web\/wp-json\/wp\/v2\/comments?post=17169"}],"version-history":[{"count":5,"href":"https:\/\/ligamercedina.com\/web\/wp-json\/wp\/v2\/posts\/17169\/revisions"}],"predecessor-version":[{"id":17177,"href":"https:\/\/ligamercedina.com\/web\/wp-json\/wp\/v2\/posts\/17169\/revisions\/17177"}],"wp:attachment":[{"href":"https:\/\/ligamercedina.com\/web\/wp-json\/wp\/v2\/media?parent=17169"}],"wp:term":[{"taxonomy":"category","embeddable":true,"href":"https:\/\/ligamercedina.com\/web\/wp-json\/wp\/v2\/categories?post=17169"},{"taxonomy":"post_tag","embeddable":true,"href":"https:\/\/ligamercedina.com\/web\/wp-json\/wp\/v2\/tags?post=17169"}],"curies":[{"name":"wp","href":"https:\/\/api.w.org\/{rel}","templated":true}]}}