{"id":17150,"date":"2016-08-01T19:13:33","date_gmt":"2016-08-01T22:13:33","guid":{"rendered":"https:\/\/ligamercedina.com\/web\/?p=17150"},"modified":"2016-08-01T19:15:54","modified_gmt":"2016-08-01T22:15:54","slug":"primera-division-adelantos-para-el-torneo-clausura","status":"publish","type":"post","link":"https:\/\/ligamercedina.com\/web\/primera-division-adelantos-para-el-torneo-clausura\/","title":{"rendered":"PRIMERA DIVISION: ADELANTOS PARA EL TORNEO CLAUSURA"},"content":{"rendered":"<blockquote><p><strong>Tal cual fuera acordado por unanimidad en la \u00faltima reuni\u00f3n de delegados, el pr\u00f3ximo fin de semana se jugar\u00e1n dos partidos adelantados correspondientes al certamen de Primera Divisi\u00f3n y de Reserva en su fase Clausura. Los encuentros a disputarse son Pabell\u00f3n Argentino de Marcos Paz &#8211; V\u00e9lez Sarsfield y Costa Brava &#8211; El Tim\u00f3n. En las pr\u00f3ximas horas se confirmar\u00e1n horarios.<br \/>\nAmbos encuentros corresponden a la fecha 1 del certamen, la cual se completar\u00e1 entre semana en fechas a definir.<\/strong><\/p><\/blockquote>\n","protected":false},"excerpt":{"rendered":"<p>Tal cual fuera acordado por unanimidad en la \u00faltima reuni\u00f3n de delegados, el pr\u00f3ximo fin de semana se jugar\u00e1n dos partidos adelantados correspondientes al certamen de Primera Divisi\u00f3n y de Reserva en su fase Clausura. Los encuentros a disputarse son Pabell\u00f3n Argentino de Marcos Paz &#8211; V\u00e9lez Sarsfield y Costa Brava &#8211; El Tim\u00f3n. En las pr\u00f3ximas horas se confirmar\u00e1n<\/p>\n","protected":false},"author":2,"featured_media":0,"comment_status":"open","ping_status":"open","sticky":false,"template":"","format":"standard","meta":{"footnotes":""},"categories":[4],"tags":[],"class_list":["post-17150","post","type-post","status-publish","format-standard","hentry","category-informaciongeneral"],"_links":{"self":[{"href":"https:\/\/ligamercedina.com\/web\/wp-json\/wp\/v2\/posts\/17150","targetHints":{"allow":["GET"]}}],"collection":[{"href":"https:\/\/ligamercedina.com\/web\/wp-json\/wp\/v2\/posts"}],"about":[{"href":"https:\/\/ligamercedina.com\/web\/wp-json\/wp\/v2\/types\/post"}],"author":[{"embeddable":true,"href":"https:\/\/ligamercedina.com\/web\/wp-json\/wp\/v2\/users\/2"}],"replies":[{"embeddable":true,"href":"https:\/\/ligamercedina.com\/web\/wp-json\/wp\/v2\/comments?post=17150"}],"version-history":[{"count":3,"href":"https:\/\/ligamercedina.com\/web\/wp-json\/wp\/v2\/posts\/17150\/revisions"}],"predecessor-version":[{"id":17153,"href":"https:\/\/ligamercedina.com\/web\/wp-json\/wp\/v2\/posts\/17150\/revisions\/17153"}],"wp:attachment":[{"href":"https:\/\/ligamercedina.com\/web\/wp-json\/wp\/v2\/media?parent=17150"}],"wp:term":[{"taxonomy":"category","embeddable":true,"href":"https:\/\/ligamercedina.com\/web\/wp-json\/wp\/v2\/categories?post=17150"},{"taxonomy":"post_tag","embeddable":true,"href":"https:\/\/ligamercedina.com\/web\/wp-json\/wp\/v2\/tags?post=17150"}],"curies":[{"name":"wp","href":"https:\/\/api.w.org\/{rel}","templated":true}]}}