{"id":17148,"date":"2016-08-01T18:59:48","date_gmt":"2016-08-01T21:59:48","guid":{"rendered":"https:\/\/ligamercedina.com\/web\/?p=17148"},"modified":"2016-08-01T18:59:48","modified_gmt":"2016-08-01T21:59:48","slug":"infanto-juvenil-horarios-para-el-fin-de-semana-2","status":"publish","type":"post","link":"https:\/\/ligamercedina.com\/web\/infanto-juvenil-horarios-para-el-fin-de-semana-2\/","title":{"rendered":"INFANTO-JUVENIL: HORARIOS PARA EL FIN DE SEMANA"},"content":{"rendered":"<blockquote><p><strong>INFANTIL<\/strong><\/p><\/blockquote>\n<p>Ateneo Vs. Los Palometas, El Front\u00f3n Vs. Mercedes \u00abA\u00bb, Defensores Jrs. Vs. Uni\u00f3n, Los Vascos Vs. Quilmes, Mercedes Vs. Comunicaciones, V\u00e9lez Vs. Estudiantes<br \/>\n13:30 hs. Categor\u00eda Promocional<br \/>\n14:30 hs. Categor\u00eda 2007<br \/>\n15:30 hs. Categor\u00eda 2006<\/p>\n<blockquote><p><strong>JUVENIL<\/strong><\/p><\/blockquote>\n<p>Los Vascos Vs. Quilmes, Mercedes Vs. Comunicaciones, V\u00e9lez Vs. Estudiantes<br \/>\n10:15 hs. Categor\u00eda 2003<br \/>\n11:30 hs. Categor\u00eda 2002<br \/>\n12:45 hs. Categor\u00eda 2001<br \/>\n14:00 hs. Categor\u00eda 2000-99<br \/>\n15:30 hs. Categor\u00eda 2004<br \/>\n16:30 hs. Categor\u00eda 2005<\/p>\n<p>Ateneo Vs. Los Palometas<br \/>\n12:00 hs. Categor\u00eda 2003<br \/>\n13:15 hs. Categor\u00eda 2002<br \/>\n14:30 hs. Categor\u00eda 2004<br \/>\n16:00 hs. Categor\u00eda 2005<\/p>\n<p>El Front\u00f3n Vs. Mercedes \u00abA\u00bb<br \/>\n11:00 hs. Categor\u00eda 2003<br \/>\n12:15 hs. Categor\u00eda 2002<br \/>\n13:30 hs. Categor\u00eda 2001<br \/>\n14:45 hs. Categor\u00eda 2004<br \/>\n16:00 hs. Categor\u00eda 2005<\/p>\n<p>Defensores Jrs. Vs. Uni\u00f3n<br \/>\n11:00 hs. Categor\u00eda 2003<br \/>\n12:15 hs. Categor\u00eda 2002<br \/>\n13:30 hs. Categor\u00eda 2000-99<br \/>\n15:00 hs. Categor\u00eda 2004<br \/>\n16:30 hs. Categor\u00eda 2005<\/p>\n<p>Pabell\u00f3n Argentino Vs. Juventud<br \/>\n11:00 hs. Categor\u00eda 2003<br \/>\n12:15 hs. Categor\u00eda 2002<br \/>\n13:30 hs. Categor\u00eda 2001<br \/>\n14:45 hs. Categor\u00eda 2000-99<br \/>\n16:15 hs. Categor\u00eda 2004<\/p>\n","protected":false},"excerpt":{"rendered":"<p>INFANTIL Ateneo Vs. Los Palometas, El Front\u00f3n Vs. Mercedes \u00abA\u00bb, Defensores Jrs. Vs. Uni\u00f3n, Los Vascos Vs. Quilmes, Mercedes Vs. Comunicaciones, V\u00e9lez Vs. Estudiantes 13:30 hs. Categor\u00eda Promocional 14:30 hs. Categor\u00eda 2007 15:30 hs. Categor\u00eda 2006 JUVENIL Los Vascos Vs. Quilmes, Mercedes Vs. Comunicaciones, V\u00e9lez Vs. Estudiantes 10:15 hs. Categor\u00eda 2003 11:30 hs. Categor\u00eda 2002 12:45 hs. Categor\u00eda 2001 14:00<\/p>\n","protected":false},"author":2,"featured_media":0,"comment_status":"open","ping_status":"open","sticky":false,"template":"","format":"standard","meta":{"footnotes":""},"categories":[4],"tags":[],"class_list":["post-17148","post","type-post","status-publish","format-standard","hentry","category-informaciongeneral"],"_links":{"self":[{"href":"https:\/\/ligamercedina.com\/web\/wp-json\/wp\/v2\/posts\/17148","targetHints":{"allow":["GET"]}}],"collection":[{"href":"https:\/\/ligamercedina.com\/web\/wp-json\/wp\/v2\/posts"}],"about":[{"href":"https:\/\/ligamercedina.com\/web\/wp-json\/wp\/v2\/types\/post"}],"author":[{"embeddable":true,"href":"https:\/\/ligamercedina.com\/web\/wp-json\/wp\/v2\/users\/2"}],"replies":[{"embeddable":true,"href":"https:\/\/ligamercedina.com\/web\/wp-json\/wp\/v2\/comments?post=17148"}],"version-history":[{"count":1,"href":"https:\/\/ligamercedina.com\/web\/wp-json\/wp\/v2\/posts\/17148\/revisions"}],"predecessor-version":[{"id":17149,"href":"https:\/\/ligamercedina.com\/web\/wp-json\/wp\/v2\/posts\/17148\/revisions\/17149"}],"wp:attachment":[{"href":"https:\/\/ligamercedina.com\/web\/wp-json\/wp\/v2\/media?parent=17148"}],"wp:term":[{"taxonomy":"category","embeddable":true,"href":"https:\/\/ligamercedina.com\/web\/wp-json\/wp\/v2\/categories?post=17148"},{"taxonomy":"post_tag","embeddable":true,"href":"https:\/\/ligamercedina.com\/web\/wp-json\/wp\/v2\/tags?post=17148"}],"curies":[{"name":"wp","href":"https:\/\/api.w.org\/{rel}","templated":true}]}}