{"id":17144,"date":"2016-07-31T17:56:42","date_gmt":"2016-07-31T20:56:42","guid":{"rendered":"https:\/\/ligamercedina.com\/web\/?p=17144"},"modified":"2016-07-31T17:56:42","modified_gmt":"2016-07-31T20:56:42","slug":"primera-division-el-fronton-finalista","status":"publish","type":"post","link":"https:\/\/ligamercedina.com\/web\/primera-division-el-fronton-finalista\/","title":{"rendered":"PRIMERA DIVISION: EL FRONTON FINALISTA"},"content":{"rendered":"<p><strong>EL FRONTON: -1-;<\/strong> Mansilla<br \/>\n<strong>JUVENTUD: -0-<\/strong><\/p>\n<p><em><strong>El Front\u00f3n disputar\u00e1 la final del Torneo Apertura. Su rival saldr\u00e1 del juego entre Trocha y Quilmes.<\/strong><\/em><\/p>\n","protected":false},"excerpt":{"rendered":"<p>EL FRONTON: -1-; Mansilla JUVENTUD: -0- El Front\u00f3n disputar\u00e1 la final del Torneo Apertura. Su rival saldr\u00e1 del juego entre Trocha y Quilmes.<\/p>\n","protected":false},"author":2,"featured_media":0,"comment_status":"open","ping_status":"open","sticky":false,"template":"","format":"standard","meta":{"footnotes":""},"categories":[4],"tags":[],"class_list":["post-17144","post","type-post","status-publish","format-standard","hentry","category-informaciongeneral"],"_links":{"self":[{"href":"https:\/\/ligamercedina.com\/web\/wp-json\/wp\/v2\/posts\/17144","targetHints":{"allow":["GET"]}}],"collection":[{"href":"https:\/\/ligamercedina.com\/web\/wp-json\/wp\/v2\/posts"}],"about":[{"href":"https:\/\/ligamercedina.com\/web\/wp-json\/wp\/v2\/types\/post"}],"author":[{"embeddable":true,"href":"https:\/\/ligamercedina.com\/web\/wp-json\/wp\/v2\/users\/2"}],"replies":[{"embeddable":true,"href":"https:\/\/ligamercedina.com\/web\/wp-json\/wp\/v2\/comments?post=17144"}],"version-history":[{"count":1,"href":"https:\/\/ligamercedina.com\/web\/wp-json\/wp\/v2\/posts\/17144\/revisions"}],"predecessor-version":[{"id":17145,"href":"https:\/\/ligamercedina.com\/web\/wp-json\/wp\/v2\/posts\/17144\/revisions\/17145"}],"wp:attachment":[{"href":"https:\/\/ligamercedina.com\/web\/wp-json\/wp\/v2\/media?parent=17144"}],"wp:term":[{"taxonomy":"category","embeddable":true,"href":"https:\/\/ligamercedina.com\/web\/wp-json\/wp\/v2\/categories?post=17144"},{"taxonomy":"post_tag","embeddable":true,"href":"https:\/\/ligamercedina.com\/web\/wp-json\/wp\/v2\/tags?post=17144"}],"curies":[{"name":"wp","href":"https:\/\/api.w.org\/{rel}","templated":true}]}}