{"id":17140,"date":"2016-07-31T12:21:48","date_gmt":"2016-07-31T15:21:48","guid":{"rendered":"https:\/\/ligamercedina.com\/web\/?p=17140"},"modified":"2016-07-31T12:21:48","modified_gmt":"2016-07-31T15:21:48","slug":"primera-division-trocha-quilmes-suspendido","status":"publish","type":"post","link":"https:\/\/ligamercedina.com\/web\/primera-division-trocha-quilmes-suspendido\/","title":{"rendered":"PRIMERA DIVISION: TROCHA &#8211; QUILMES SUSPENDIDO"},"content":{"rendered":"<p><strong>Se informa que debido al mal estado de la cancha de la Liga y las actuales condiciones clim\u00e1ticas est\u00e1 suspendido el partido que en la tarde de hoy deb\u00edan jugar los equipos de Trocha y Quilmes.<br \/>\nAsimismo se agrega que en principio dicho encuentro se reprograma para ma\u00f1ana lunes 1 de agosto a las 21 horas, aunque depender\u00e1 de las condiciones en que se encuentre el campo de juego. En tal sentido, ma\u00f1ana alrededor del mediod\u00eda se tendr\u00e1 una confirmaci\u00f3n oficial.<br \/>\nA los fines de organizaci\u00f3n, en el caso que el encuentro no se pudiera jugar ma\u00f1ana lunes, se disputar\u00e1 el d\u00eda martes.<\/p>\n<p>En tanto, se aguarda por la definici\u00f3n del partido a jugarse hoy entre El Front\u00f3n &#8211; Juventud. En los pr\u00f3ximos minutos habr\u00e1 informaci\u00f3n sobre este encuentro, teniendo en cuenta que en la localidad de San Andr\u00e9s de Giles solo llovizna, seg\u00fan indican autoridades de El Front\u00f3n.<\/strong><\/p>\n","protected":false},"excerpt":{"rendered":"<p>Se informa que debido al mal estado de la cancha de la Liga y las actuales condiciones clim\u00e1ticas est\u00e1 suspendido el partido que en la tarde de hoy deb\u00edan jugar los equipos de Trocha y Quilmes. Asimismo se agrega que en principio dicho encuentro se reprograma para ma\u00f1ana lunes 1 de agosto a las 21 horas, aunque depender\u00e1 de las<\/p>\n","protected":false},"author":2,"featured_media":0,"comment_status":"open","ping_status":"open","sticky":false,"template":"","format":"standard","meta":{"footnotes":""},"categories":[4],"tags":[],"class_list":["post-17140","post","type-post","status-publish","format-standard","hentry","category-informaciongeneral"],"_links":{"self":[{"href":"https:\/\/ligamercedina.com\/web\/wp-json\/wp\/v2\/posts\/17140","targetHints":{"allow":["GET"]}}],"collection":[{"href":"https:\/\/ligamercedina.com\/web\/wp-json\/wp\/v2\/posts"}],"about":[{"href":"https:\/\/ligamercedina.com\/web\/wp-json\/wp\/v2\/types\/post"}],"author":[{"embeddable":true,"href":"https:\/\/ligamercedina.com\/web\/wp-json\/wp\/v2\/users\/2"}],"replies":[{"embeddable":true,"href":"https:\/\/ligamercedina.com\/web\/wp-json\/wp\/v2\/comments?post=17140"}],"version-history":[{"count":1,"href":"https:\/\/ligamercedina.com\/web\/wp-json\/wp\/v2\/posts\/17140\/revisions"}],"predecessor-version":[{"id":17141,"href":"https:\/\/ligamercedina.com\/web\/wp-json\/wp\/v2\/posts\/17140\/revisions\/17141"}],"wp:attachment":[{"href":"https:\/\/ligamercedina.com\/web\/wp-json\/wp\/v2\/media?parent=17140"}],"wp:term":[{"taxonomy":"category","embeddable":true,"href":"https:\/\/ligamercedina.com\/web\/wp-json\/wp\/v2\/categories?post=17140"},{"taxonomy":"post_tag","embeddable":true,"href":"https:\/\/ligamercedina.com\/web\/wp-json\/wp\/v2\/tags?post=17140"}],"curies":[{"name":"wp","href":"https:\/\/api.w.org\/{rel}","templated":true}]}}