{"id":17133,"date":"2016-07-29T20:09:05","date_gmt":"2016-07-29T23:09:05","guid":{"rendered":"https:\/\/ligamercedina.com\/web\/?p=17133"},"modified":"2016-07-29T20:09:05","modified_gmt":"2016-07-29T23:09:05","slug":"condolencias-2","status":"publish","type":"post","link":"https:\/\/ligamercedina.com\/web\/condolencias-2\/","title":{"rendered":"CONDOLENCIAS"},"content":{"rendered":"<p><strong>La Liga Mercedina desea expresar su m\u00e1s sentido pesame, por el fallecimiento de Gerardo B\u00e1ez, jugador del Club Costa Brava de Suipacha. Deseamos acompa\u00f1ar en el dolor a familiares, amigos y a toda la comunidad futbol\u00edstica de dicha instituci\u00f3n deportiva.<\/strong><\/p>\n","protected":false},"excerpt":{"rendered":"<p>La Liga Mercedina desea expresar su m\u00e1s sentido pesame, por el fallecimiento de Gerardo B\u00e1ez, jugador del Club Costa Brava de Suipacha. Deseamos acompa\u00f1ar en el dolor a familiares, amigos y a toda la comunidad futbol\u00edstica de dicha instituci\u00f3n deportiva.<\/p>\n","protected":false},"author":2,"featured_media":0,"comment_status":"open","ping_status":"open","sticky":false,"template":"","format":"standard","meta":{"footnotes":""},"categories":[4],"tags":[],"class_list":["post-17133","post","type-post","status-publish","format-standard","hentry","category-informaciongeneral"],"_links":{"self":[{"href":"https:\/\/ligamercedina.com\/web\/wp-json\/wp\/v2\/posts\/17133","targetHints":{"allow":["GET"]}}],"collection":[{"href":"https:\/\/ligamercedina.com\/web\/wp-json\/wp\/v2\/posts"}],"about":[{"href":"https:\/\/ligamercedina.com\/web\/wp-json\/wp\/v2\/types\/post"}],"author":[{"embeddable":true,"href":"https:\/\/ligamercedina.com\/web\/wp-json\/wp\/v2\/users\/2"}],"replies":[{"embeddable":true,"href":"https:\/\/ligamercedina.com\/web\/wp-json\/wp\/v2\/comments?post=17133"}],"version-history":[{"count":1,"href":"https:\/\/ligamercedina.com\/web\/wp-json\/wp\/v2\/posts\/17133\/revisions"}],"predecessor-version":[{"id":17134,"href":"https:\/\/ligamercedina.com\/web\/wp-json\/wp\/v2\/posts\/17133\/revisions\/17134"}],"wp:attachment":[{"href":"https:\/\/ligamercedina.com\/web\/wp-json\/wp\/v2\/media?parent=17133"}],"wp:term":[{"taxonomy":"category","embeddable":true,"href":"https:\/\/ligamercedina.com\/web\/wp-json\/wp\/v2\/categories?post=17133"},{"taxonomy":"post_tag","embeddable":true,"href":"https:\/\/ligamercedina.com\/web\/wp-json\/wp\/v2\/tags?post=17133"}],"curies":[{"name":"wp","href":"https:\/\/api.w.org\/{rel}","templated":true}]}}