{"id":17128,"date":"2016-07-29T00:07:41","date_gmt":"2016-07-29T03:07:41","guid":{"rendered":"https:\/\/ligamercedina.com\/web\/?p=17128"},"modified":"2016-07-29T19:41:34","modified_gmt":"2016-07-29T22:41:34","slug":"informacion-9","status":"publish","type":"post","link":"https:\/\/ligamercedina.com\/web\/informacion-9\/","title":{"rendered":"INFORMACION"},"content":{"rendered":"<blockquote><p><strong>Si bien en una de las \u00faltimas reuniones de delegados se hab\u00eda acordado por unanimidad de los presentes adelantar desde el pr\u00f3ximo fin de semana partidos a jugarse fuera de Mercedes por el Torneo Clausura de Primera Divisi\u00f3n, se informa que reci\u00e9n el primer fin de semana de agosto se podr\u00e1n disputar algunos de ellos.<br \/>\nEsto est\u00e1 motivado en canchas que no est\u00e1n en condiciones y presentaciones recibidas.<\/strong><\/p><\/blockquote>\n","protected":false},"excerpt":{"rendered":"<p>Si bien en una de las \u00faltimas reuniones de delegados se hab\u00eda acordado por unanimidad de los presentes adelantar desde el pr\u00f3ximo fin de semana partidos a jugarse fuera de Mercedes por el Torneo Clausura de Primera Divisi\u00f3n, se informa que reci\u00e9n el primer fin de semana de agosto se podr\u00e1n disputar algunos de ellos. Esto est\u00e1 motivado en canchas<\/p>\n","protected":false},"author":2,"featured_media":0,"comment_status":"open","ping_status":"open","sticky":false,"template":"","format":"standard","meta":{"footnotes":""},"categories":[4],"tags":[],"class_list":["post-17128","post","type-post","status-publish","format-standard","hentry","category-informaciongeneral"],"_links":{"self":[{"href":"https:\/\/ligamercedina.com\/web\/wp-json\/wp\/v2\/posts\/17128","targetHints":{"allow":["GET"]}}],"collection":[{"href":"https:\/\/ligamercedina.com\/web\/wp-json\/wp\/v2\/posts"}],"about":[{"href":"https:\/\/ligamercedina.com\/web\/wp-json\/wp\/v2\/types\/post"}],"author":[{"embeddable":true,"href":"https:\/\/ligamercedina.com\/web\/wp-json\/wp\/v2\/users\/2"}],"replies":[{"embeddable":true,"href":"https:\/\/ligamercedina.com\/web\/wp-json\/wp\/v2\/comments?post=17128"}],"version-history":[{"count":3,"href":"https:\/\/ligamercedina.com\/web\/wp-json\/wp\/v2\/posts\/17128\/revisions"}],"predecessor-version":[{"id":17132,"href":"https:\/\/ligamercedina.com\/web\/wp-json\/wp\/v2\/posts\/17128\/revisions\/17132"}],"wp:attachment":[{"href":"https:\/\/ligamercedina.com\/web\/wp-json\/wp\/v2\/media?parent=17128"}],"wp:term":[{"taxonomy":"category","embeddable":true,"href":"https:\/\/ligamercedina.com\/web\/wp-json\/wp\/v2\/categories?post=17128"},{"taxonomy":"post_tag","embeddable":true,"href":"https:\/\/ligamercedina.com\/web\/wp-json\/wp\/v2\/tags?post=17128"}],"curies":[{"name":"wp","href":"https:\/\/api.w.org\/{rel}","templated":true}]}}