{"id":17098,"date":"2016-07-22T13:14:49","date_gmt":"2016-07-22T16:14:49","guid":{"rendered":"https:\/\/ligamercedina.com\/web\/?p=17098"},"modified":"2016-07-22T13:14:49","modified_gmt":"2016-07-22T16:14:49","slug":"primera-mercedes-el-fronton-por-tv-e-internet","status":"publish","type":"post","link":"https:\/\/ligamercedina.com\/web\/primera-mercedes-el-fronton-por-tv-e-internet\/","title":{"rendered":"PRIMERA: MERCEDES &#8211; EL FRONTON POR TV E INTERNET"},"content":{"rendered":"<blockquote><p><strong>Directivos de la productora Milenio Media indicaron que el partido que este s\u00e1bado jugar\u00e1n por el certamen de Primera Divisi\u00f3n los equipos de Mercedes y El Front\u00f3n se podr\u00e1 ver por la se\u00f1al 2 de Cablevisi\u00f3n Mercedes, como as\u00ed tambi\u00e9n en internet, a trav\u00e9s de youtube en el link de \u00abcanal pedro caramelo\u00bb.<\/p>\n<p>Seg\u00fan indicaron esto est\u00e1 dado en una serie de pruebas que la productora est\u00e1 realizando con el fin de afianzar transmisiones por internet.<\/strong><\/p><\/blockquote>\n","protected":false},"excerpt":{"rendered":"<p>Directivos de la productora Milenio Media indicaron que el partido que este s\u00e1bado jugar\u00e1n por el certamen de Primera Divisi\u00f3n los equipos de Mercedes y El Front\u00f3n se podr\u00e1 ver por la se\u00f1al 2 de Cablevisi\u00f3n Mercedes, como as\u00ed tambi\u00e9n en internet, a trav\u00e9s de youtube en el link de \u00abcanal pedro caramelo\u00bb. Seg\u00fan indicaron esto est\u00e1 dado en una<\/p>\n","protected":false},"author":2,"featured_media":0,"comment_status":"open","ping_status":"open","sticky":false,"template":"","format":"standard","meta":{"footnotes":""},"categories":[4],"tags":[],"class_list":["post-17098","post","type-post","status-publish","format-standard","hentry","category-informaciongeneral"],"_links":{"self":[{"href":"https:\/\/ligamercedina.com\/web\/wp-json\/wp\/v2\/posts\/17098","targetHints":{"allow":["GET"]}}],"collection":[{"href":"https:\/\/ligamercedina.com\/web\/wp-json\/wp\/v2\/posts"}],"about":[{"href":"https:\/\/ligamercedina.com\/web\/wp-json\/wp\/v2\/types\/post"}],"author":[{"embeddable":true,"href":"https:\/\/ligamercedina.com\/web\/wp-json\/wp\/v2\/users\/2"}],"replies":[{"embeddable":true,"href":"https:\/\/ligamercedina.com\/web\/wp-json\/wp\/v2\/comments?post=17098"}],"version-history":[{"count":1,"href":"https:\/\/ligamercedina.com\/web\/wp-json\/wp\/v2\/posts\/17098\/revisions"}],"predecessor-version":[{"id":17099,"href":"https:\/\/ligamercedina.com\/web\/wp-json\/wp\/v2\/posts\/17098\/revisions\/17099"}],"wp:attachment":[{"href":"https:\/\/ligamercedina.com\/web\/wp-json\/wp\/v2\/media?parent=17098"}],"wp:term":[{"taxonomy":"category","embeddable":true,"href":"https:\/\/ligamercedina.com\/web\/wp-json\/wp\/v2\/categories?post=17098"},{"taxonomy":"post_tag","embeddable":true,"href":"https:\/\/ligamercedina.com\/web\/wp-json\/wp\/v2\/tags?post=17098"}],"curies":[{"name":"wp","href":"https:\/\/api.w.org\/{rel}","templated":true}]}}