{"id":17091,"date":"2016-07-20T22:31:31","date_gmt":"2016-07-21T01:31:31","guid":{"rendered":"https:\/\/ligamercedina.com\/web\/?p=17091"},"modified":"2016-07-20T22:31:31","modified_gmt":"2016-07-21T01:31:31","slug":"amonestaciones-al-20-de-julio","status":"publish","type":"post","link":"https:\/\/ligamercedina.com\/web\/amonestaciones-al-20-de-julio\/","title":{"rendered":"AMONESTACIONES AL 20 DE JULIO"},"content":{"rendered":"<blockquote><p><strong>JUGADORES CON CINCO (5) AMARILLAS<\/strong><\/p><\/blockquote>\n<p>Quiroga, Facundo (Quilmes)<br \/>\nOrt\u00edz, Braian (Uni\u00f3n)<br \/>\nClarac, Federico (Juventud)<br \/>\nGatti, Juan Pedro (Mercedes)<br \/>\nTorre, Marcelo (Comunicaciones)<br \/>\nJara, Daniel (V\u00e9lez)<br \/>\nGrosso, Federico (El Front\u00f3n)<\/p>\n<blockquote><p><strong>JUGADORES CON CUATRO (4) AMARILLAS<\/strong><\/p><\/blockquote>\n<p>Juanicotena, Agust\u00edn (Mercedes)<br \/>\nPereira, Cristian (San Marcos)<br \/>\nCarrere, Rodrigo (Estudiantes)<br \/>\nG\u00f3mez, Iv\u00e1n (Mercedes)<br \/>\nLecouna, Nahuel (Quilmes)<br \/>\nRojas, Leandro (San Marcos)<br \/>\nP\u00e9rez, Alejandro (Costa Brava)<br \/>\nDinardi, Federico (El Front\u00f3n)<br \/>\nSilva, Agust\u00edn (Comunicaciones)<br \/>\nLussello, Juli\u00e1n (Mercedes)<br \/>\nLescano, Paulo (Estudiantes)<br \/>\nGianini, Sebasti\u00e1n (Costa Brava)<br \/>\nSaavedra, Gustavo (Tim\u00f3n)<br \/>\nNavarro, Luis (San Marcos)<br \/>\nComalini, Jos\u00e9 (Mercedes)<br \/>\nLedesma, Rub\u00e9n Nicol\u00e1s (Estudiantes)<br \/>\nPinto, Facundo (Palometas)<br \/>\nParini, Gonzalo (Costa Brava)<br \/>\nGagliardi, Tom\u00e1s (Pabell\u00f3n Argentino)<br \/>\nHein, Patricio (Costa Brava)<br \/>\nFar\u00edas, Cristian (Quilmes)<\/p>\n","protected":false},"excerpt":{"rendered":"<p>JUGADORES CON CINCO (5) AMARILLAS Quiroga, Facundo (Quilmes) Ort\u00edz, Braian (Uni\u00f3n) Clarac, Federico (Juventud) Gatti, Juan Pedro (Mercedes) Torre, Marcelo (Comunicaciones) Jara, Daniel (V\u00e9lez) Grosso, Federico (El Front\u00f3n) JUGADORES CON CUATRO (4) AMARILLAS Juanicotena, Agust\u00edn (Mercedes) Pereira, Cristian (San Marcos) Carrere, Rodrigo (Estudiantes) G\u00f3mez, Iv\u00e1n (Mercedes) Lecouna, Nahuel (Quilmes) Rojas, Leandro (San Marcos) P\u00e9rez, Alejandro (Costa Brava) Dinardi, Federico (El<\/p>\n","protected":false},"author":2,"featured_media":0,"comment_status":"open","ping_status":"open","sticky":false,"template":"","format":"standard","meta":{"footnotes":""},"categories":[4],"tags":[],"class_list":["post-17091","post","type-post","status-publish","format-standard","hentry","category-informaciongeneral"],"_links":{"self":[{"href":"https:\/\/ligamercedina.com\/web\/wp-json\/wp\/v2\/posts\/17091","targetHints":{"allow":["GET"]}}],"collection":[{"href":"https:\/\/ligamercedina.com\/web\/wp-json\/wp\/v2\/posts"}],"about":[{"href":"https:\/\/ligamercedina.com\/web\/wp-json\/wp\/v2\/types\/post"}],"author":[{"embeddable":true,"href":"https:\/\/ligamercedina.com\/web\/wp-json\/wp\/v2\/users\/2"}],"replies":[{"embeddable":true,"href":"https:\/\/ligamercedina.com\/web\/wp-json\/wp\/v2\/comments?post=17091"}],"version-history":[{"count":1,"href":"https:\/\/ligamercedina.com\/web\/wp-json\/wp\/v2\/posts\/17091\/revisions"}],"predecessor-version":[{"id":17092,"href":"https:\/\/ligamercedina.com\/web\/wp-json\/wp\/v2\/posts\/17091\/revisions\/17092"}],"wp:attachment":[{"href":"https:\/\/ligamercedina.com\/web\/wp-json\/wp\/v2\/media?parent=17091"}],"wp:term":[{"taxonomy":"category","embeddable":true,"href":"https:\/\/ligamercedina.com\/web\/wp-json\/wp\/v2\/categories?post=17091"},{"taxonomy":"post_tag","embeddable":true,"href":"https:\/\/ligamercedina.com\/web\/wp-json\/wp\/v2\/tags?post=17091"}],"curies":[{"name":"wp","href":"https:\/\/api.w.org\/{rel}","templated":true}]}}