{"id":17083,"date":"2016-07-18T22:16:15","date_gmt":"2016-07-19T01:16:15","guid":{"rendered":"https:\/\/ligamercedina.com\/web\/?p=17083"},"modified":"2016-07-19T13:04:14","modified_gmt":"2016-07-19T16:04:14","slug":"primera-reserva-horarios-para-el-fin-de-semana-2","status":"publish","type":"post","link":"https:\/\/ligamercedina.com\/web\/primera-reserva-horarios-para-el-fin-de-semana-2\/","title":{"rendered":"PRIMERA-RESERVA: HORARIOS PARA EL FIN DE SEMANA"},"content":{"rendered":"<blockquote><p><strong>PRIMERA DIVISION<\/strong><\/p><\/blockquote>\n<p><em><strong>S\u00e1bado 23 de julio, cancha Liga Mercedina<\/strong><\/em><br \/>\n14:00 hs. Mercedes Vs. El Front\u00f3n <strong>-A PUERTAS CERRADAS-<\/strong><br \/>\n16:00 hs. Quilmes Vs. San Marcos <strong>-A PUERTAS CERRADAS-<\/strong><\/p>\n<p><em><strong>Domingo 24 de julio, cancha Liga Mercedina<\/strong><\/em><br \/>\n13:00 hs. El Tim\u00f3n VS. Ateneo<br \/>\n15:00 hs.  V\u00e9lez Sarsfield VS. Estudiantes<\/p>\n<p><em><strong>S\u00e1bado 23 de julio, cancha Pabell\u00f3n Argentino<\/strong><\/em><br \/>\n15:30 hs. Pabell\u00f3n Argentino VS. Los Palometas<\/p>\n<p><em><strong>Domingo 24 de julio, cancha Juventud <\/strong><\/em><br \/>\n15:00 hs. Juventud VS. Comunicaciones <strong>-SIN PUBLICO VISITANTE-<\/strong><\/p>\n<blockquote><p><strong>RESERVA<\/strong><\/p><\/blockquote>\n<p><em><strong>S\u00e1bado 23 de julio, cancha Liga Mercedina<\/strong><\/em><br \/>\n12:15 hs. Mercedes Vs. El Front\u00f3n <strong>-A PUERTAS CERRADAS-<\/strong><\/p>\n<p><em><strong>S\u00e1bado 23 de julio, cancha Pabell\u00f3n Argentino<\/strong><\/em><br \/>\n13:00 hs. Pabell\u00f3n Argentino VS. Los Palometas<\/p>\n<p><em><strong>Domingo 24 de julio, cancha Juventud <\/strong><\/em><br \/>\n13:00 hs. Juventud VS. Comunicaciones <strong>-SIN PUBLICO VISITANTE-<\/strong><\/p>\n<p><em><strong>Por el momento est\u00e1n postergados en esta divisi\u00f3n los partidos:<\/strong><\/em><br \/>\nAteneo &#8211; El Tim\u00f3n<br \/>\nPabell\u00f3n Argentino &#8211; Los Palometas<br \/>\nQuilmes &#8211; San Marcos<br \/>\nUni\u00f3n &#8211; Costa Brava<\/p>\n","protected":false},"excerpt":{"rendered":"<p>PRIMERA DIVISION S\u00e1bado 23 de julio, cancha Liga Mercedina 14:00 hs. Mercedes Vs. El Front\u00f3n -A PUERTAS CERRADAS- 16:00 hs. Quilmes Vs. San Marcos -A PUERTAS CERRADAS- Domingo 24 de julio, cancha Liga Mercedina 13:00 hs. El Tim\u00f3n VS. Ateneo 15:00 hs. V\u00e9lez Sarsfield VS. Estudiantes S\u00e1bado 23 de julio, cancha Pabell\u00f3n Argentino 15:30 hs. Pabell\u00f3n Argentino VS. Los Palometas<\/p>\n","protected":false},"author":2,"featured_media":0,"comment_status":"open","ping_status":"open","sticky":false,"template":"","format":"standard","meta":{"footnotes":""},"categories":[4],"tags":[],"class_list":["post-17083","post","type-post","status-publish","format-standard","hentry","category-informaciongeneral"],"_links":{"self":[{"href":"https:\/\/ligamercedina.com\/web\/wp-json\/wp\/v2\/posts\/17083","targetHints":{"allow":["GET"]}}],"collection":[{"href":"https:\/\/ligamercedina.com\/web\/wp-json\/wp\/v2\/posts"}],"about":[{"href":"https:\/\/ligamercedina.com\/web\/wp-json\/wp\/v2\/types\/post"}],"author":[{"embeddable":true,"href":"https:\/\/ligamercedina.com\/web\/wp-json\/wp\/v2\/users\/2"}],"replies":[{"embeddable":true,"href":"https:\/\/ligamercedina.com\/web\/wp-json\/wp\/v2\/comments?post=17083"}],"version-history":[{"count":3,"href":"https:\/\/ligamercedina.com\/web\/wp-json\/wp\/v2\/posts\/17083\/revisions"}],"predecessor-version":[{"id":17086,"href":"https:\/\/ligamercedina.com\/web\/wp-json\/wp\/v2\/posts\/17083\/revisions\/17086"}],"wp:attachment":[{"href":"https:\/\/ligamercedina.com\/web\/wp-json\/wp\/v2\/media?parent=17083"}],"wp:term":[{"taxonomy":"category","embeddable":true,"href":"https:\/\/ligamercedina.com\/web\/wp-json\/wp\/v2\/categories?post=17083"},{"taxonomy":"post_tag","embeddable":true,"href":"https:\/\/ligamercedina.com\/web\/wp-json\/wp\/v2\/tags?post=17083"}],"curies":[{"name":"wp","href":"https:\/\/api.w.org\/{rel}","templated":true}]}}