{"id":17074,"date":"2016-07-17T22:06:18","date_gmt":"2016-07-18T01:06:18","guid":{"rendered":"https:\/\/ligamercedina.com\/web\/?p=17074"},"modified":"2016-07-17T22:06:18","modified_gmt":"2016-07-18T01:06:18","slug":"reserva-resultados-y-posiciones-2","status":"publish","type":"post","link":"https:\/\/ligamercedina.com\/web\/reserva-resultados-y-posiciones-2\/","title":{"rendered":"RESERVA: RESULTADOS Y POSICIONES"},"content":{"rendered":"<p><strong>CLUB MERCEDES: -1-;<\/strong> Juli\u00e1n Lussello<br \/>\n<strong>COMUNICACIONES: -1-;<\/strong> Jonathan Paj\u00f3n<\/p>\n<p><strong>EL FRONTON: -4- ;<\/strong> Ram\u00edrez (2), Ghessi, Ladebese<br \/>\n<strong>PABELLON ARGENTINO: -2-;<\/strong> Pascual, Barandari\u00e1n<\/p>\n<p><strong>SAN MARCOS FC:  -0-<br \/>\nEL TIMON: -4-;<\/strong> Ra\u00fal Medone, Mat\u00edas D\u00edaz (2), Ariel Pitrau<\/p>\n<p><strong>ATENEO:  -3-;<\/strong> Carrizo, Facundo P\u00e9rez (2)<br \/>\n<strong>UNION: -2-;<\/strong> Federico Amaya (2)<\/p>\n<p><strong>LOS PALOMETAS: -2-;<\/strong> Luciano Aveni, Franco Poleschi<br \/>\n<strong>VELEZ SARSFIELD: -0-<br \/>\n<\/strong><br \/>\nESTUDIANTES:  -1-<br \/>\nQUILMES: -4- <\/p>\n<p><strong>JUVENTUD: -3-;<\/strong> Vicente Bernal (2), Santiago Flynn<br \/>\n<strong>COSTA BRAVA: -1-;<\/strong> Gonzalo Parini<\/p>\n<p><a href=\"https:\/\/ligamercedina.com\/web\/wp-content\/uploads\/2016\/07\/TERCA.png\" rel=\"attachment wp-att-17075\"><img loading=\"lazy\" decoding=\"async\" src=\"https:\/\/ligamercedina.com\/web\/wp-content\/uploads\/2016\/07\/TERCA.png\" alt=\"TERCA\" width=\"378\" height=\"425\" class=\"aligncenter size-full wp-image-17075\" srcset=\"https:\/\/ligamercedina.com\/web\/wp-content\/uploads\/2016\/07\/TERCA.png 378w, https:\/\/ligamercedina.com\/web\/wp-content\/uploads\/2016\/07\/TERCA-267x300.png 267w\" sizes=\"auto, (max-width: 378px) 100vw, 378px\" \/><\/a><\/p>\n","protected":false},"excerpt":{"rendered":"<p>CLUB MERCEDES: -1-; Juli\u00e1n Lussello COMUNICACIONES: -1-; Jonathan Paj\u00f3n EL FRONTON: -4- ; Ram\u00edrez (2), Ghessi, Ladebese PABELLON ARGENTINO: -2-; Pascual, Barandari\u00e1n SAN MARCOS FC: -0- EL TIMON: -4-; Ra\u00fal Medone, Mat\u00edas D\u00edaz (2), Ariel Pitrau ATENEO: -3-; Carrizo, Facundo P\u00e9rez (2) UNION: -2-; Federico Amaya (2) LOS PALOMETAS: -2-; Luciano Aveni, Franco Poleschi VELEZ SARSFIELD: -0- ESTUDIANTES: -1- QUILMES:<\/p>\n","protected":false},"author":2,"featured_media":0,"comment_status":"open","ping_status":"open","sticky":false,"template":"","format":"standard","meta":{"footnotes":""},"categories":[4],"tags":[],"class_list":["post-17074","post","type-post","status-publish","format-standard","hentry","category-informaciongeneral"],"_links":{"self":[{"href":"https:\/\/ligamercedina.com\/web\/wp-json\/wp\/v2\/posts\/17074","targetHints":{"allow":["GET"]}}],"collection":[{"href":"https:\/\/ligamercedina.com\/web\/wp-json\/wp\/v2\/posts"}],"about":[{"href":"https:\/\/ligamercedina.com\/web\/wp-json\/wp\/v2\/types\/post"}],"author":[{"embeddable":true,"href":"https:\/\/ligamercedina.com\/web\/wp-json\/wp\/v2\/users\/2"}],"replies":[{"embeddable":true,"href":"https:\/\/ligamercedina.com\/web\/wp-json\/wp\/v2\/comments?post=17074"}],"version-history":[{"count":1,"href":"https:\/\/ligamercedina.com\/web\/wp-json\/wp\/v2\/posts\/17074\/revisions"}],"predecessor-version":[{"id":17076,"href":"https:\/\/ligamercedina.com\/web\/wp-json\/wp\/v2\/posts\/17074\/revisions\/17076"}],"wp:attachment":[{"href":"https:\/\/ligamercedina.com\/web\/wp-json\/wp\/v2\/media?parent=17074"}],"wp:term":[{"taxonomy":"category","embeddable":true,"href":"https:\/\/ligamercedina.com\/web\/wp-json\/wp\/v2\/categories?post=17074"},{"taxonomy":"post_tag","embeddable":true,"href":"https:\/\/ligamercedina.com\/web\/wp-json\/wp\/v2\/tags?post=17074"}],"curies":[{"name":"wp","href":"https:\/\/api.w.org\/{rel}","templated":true}]}}