{"id":17035,"date":"2016-07-08T18:57:51","date_gmt":"2016-07-08T21:57:51","guid":{"rendered":"https:\/\/ligamercedina.com\/web\/?p=17035"},"modified":"2016-07-08T18:57:51","modified_gmt":"2016-07-08T21:57:51","slug":"reserva-comunicaciones-mercedes-suspendido","status":"publish","type":"post","link":"https:\/\/ligamercedina.com\/web\/reserva-comunicaciones-mercedes-suspendido\/","title":{"rendered":"RESERVA: COMUNICACIONES &#8211; MERCEDES SUSPENDIDO"},"content":{"rendered":"<blockquote><p><strong>Se informa que debido a los incidentes ocurridos en las afueras de la cancha tras el partido que esta tarde jugaron los equipos de Comunicaciones y Mercedes por el certamen de Primera Divisi\u00f3n, SE SUSPENDE el encuentro que ambos equipos deb\u00edan jugar este s\u00e1bado en la categor\u00eda RESERVA.<\/p>\n<p>El motivo est\u00e1 fundamentado en que no est\u00e1n dadas las garant\u00edas para la disputa de dicho partido.<\/strong><\/p><\/blockquote>\n","protected":false},"excerpt":{"rendered":"<p>Se informa que debido a los incidentes ocurridos en las afueras de la cancha tras el partido que esta tarde jugaron los equipos de Comunicaciones y Mercedes por el certamen de Primera Divisi\u00f3n, SE SUSPENDE el encuentro que ambos equipos deb\u00edan jugar este s\u00e1bado en la categor\u00eda RESERVA. El motivo est\u00e1 fundamentado en que no est\u00e1n dadas las garant\u00edas para<\/p>\n","protected":false},"author":2,"featured_media":0,"comment_status":"open","ping_status":"open","sticky":false,"template":"","format":"standard","meta":{"footnotes":""},"categories":[4],"tags":[],"class_list":["post-17035","post","type-post","status-publish","format-standard","hentry","category-informaciongeneral"],"_links":{"self":[{"href":"https:\/\/ligamercedina.com\/web\/wp-json\/wp\/v2\/posts\/17035","targetHints":{"allow":["GET"]}}],"collection":[{"href":"https:\/\/ligamercedina.com\/web\/wp-json\/wp\/v2\/posts"}],"about":[{"href":"https:\/\/ligamercedina.com\/web\/wp-json\/wp\/v2\/types\/post"}],"author":[{"embeddable":true,"href":"https:\/\/ligamercedina.com\/web\/wp-json\/wp\/v2\/users\/2"}],"replies":[{"embeddable":true,"href":"https:\/\/ligamercedina.com\/web\/wp-json\/wp\/v2\/comments?post=17035"}],"version-history":[{"count":1,"href":"https:\/\/ligamercedina.com\/web\/wp-json\/wp\/v2\/posts\/17035\/revisions"}],"predecessor-version":[{"id":17036,"href":"https:\/\/ligamercedina.com\/web\/wp-json\/wp\/v2\/posts\/17035\/revisions\/17036"}],"wp:attachment":[{"href":"https:\/\/ligamercedina.com\/web\/wp-json\/wp\/v2\/media?parent=17035"}],"wp:term":[{"taxonomy":"category","embeddable":true,"href":"https:\/\/ligamercedina.com\/web\/wp-json\/wp\/v2\/categories?post=17035"},{"taxonomy":"post_tag","embeddable":true,"href":"https:\/\/ligamercedina.com\/web\/wp-json\/wp\/v2\/tags?post=17035"}],"curies":[{"name":"wp","href":"https:\/\/api.w.org\/{rel}","templated":true}]}}