{"id":17017,"date":"2016-07-04T22:21:03","date_gmt":"2016-07-05T01:21:03","guid":{"rendered":"https:\/\/ligamercedina.com\/web\/?p=17017"},"modified":"2016-07-06T22:15:34","modified_gmt":"2016-07-07T01:15:34","slug":"horarios-para-el-fin-de-semana-103","status":"publish","type":"post","link":"https:\/\/ligamercedina.com\/web\/horarios-para-el-fin-de-semana-103\/","title":{"rendered":"HORARIOS PARA EL FIN DE SEMANA"},"content":{"rendered":"<blockquote><p><strong>PRIMERA DIVISION<\/strong><\/p><\/blockquote>\n<p><em><strong>Viernes 8 de Julio, Cancha Liga Mercedina<\/strong><\/em><br \/>\n11:00 hs. Los Palometas Vs. El Front\u00f3n<br \/>\n13:00 hs. V\u00e9lez Sarsfield Vs. Quilmes<br \/>\n15:00 hs. Mercedes Vs. Comunicaciones<\/p>\n<p><em><strong>Viernes 8 de de Julio, Cancha Juventud<\/strong><\/em><br \/>\n15:30 hs. Juventud VS. Ateneo<\/p>\n<p><em><strong>S\u00e1bado 9 de Julio, cancha Liga Mercedina<\/strong><\/em><br \/>\n13:45 hs. El Tim\u00f3n Vs. Estudiantes<br \/>\n16:00 hs. Trocha VS. Costa Brava<\/p>\n<blockquote><p><strong>RESERVA<\/strong><\/p><\/blockquote>\n<p><em><strong>Viernes 8 de Julio, Cancha Juventud<\/strong><\/em><br \/>\n13:30 hs. Juventud VS. Ateneo<\/p>\n<p><em><strong>Viernes 8 de Julio, cancha Ateneo<\/strong><\/em><br \/>\n14:00 hs. Los Palometas VS. El Front\u00f3n<br \/>\n15:45 hs. Uni\u00f3n Vs. San Marcos<\/p>\n<p><em><strong>S\u00e1bado 9 de Julio, cancha Ateneo<\/strong><\/em><br \/>\n13:00 hs. Trocha Vs. Costa Brava<br \/>\n16:15 hs. El Tim\u00f3n VS. Estudiantes<\/p>\n<p><em><strong>S\u00e1bado 9 de Julio, cancha Liga Mercedina<\/strong><\/em><br \/>\n12:00 hs.  Mercedes VS. Comunicaciones<\/p>\n<p><em><strong>S\u00e1bado 9 de Julio, cancha V\u00e9lez<\/strong><\/em><br \/>\n15:30 hs. V\u00e9lez Sarsfield VS. Quilmes<\/p>\n<blockquote><p><strong>INFANTILES -S\u00e1bado 9 de julio<\/strong><\/p><\/blockquote>\n<p>Mercedes \u201cA\u201d VS. Estudiantes, Uni\u00f3n VS. Ateneo, Quilmes VS. El Front\u00f3n, V\u00e9lez Sarsfield VS. Los Palometas<br \/>\n11:00 hs. Categor\u00eda 2006<br \/>\n12:00 hs. Categor\u00eda 2007<br \/>\n13:00 hs. Categor\u00eda Promocional<\/p>\n<p>Juventud VS. Los Vascos<br \/>\n13:30 hs. Categor\u00eda Promocional<br \/>\n14:30 hs. Categor\u00eda 2007<br \/>\n15:30 hs. Categor\u00eda 2006<\/p>\n<p><em><strong>Domingo 10 de julio: Comunicaciones Vs. Defensores<\/strong><\/em><br \/>\n13:30 hs. Categor\u00eda Promocional<br \/>\n14:30 hs. Categor\u00eda 2007<br \/>\n15:30 hs. Categor\u00eda 2006<\/p>\n<blockquote><p><strong>JUVENILES<\/strong><\/p><\/blockquote>\n<p>Uni\u00f3n VS. Ateneo, Quilmes VS. El Front\u00f3n, Juventud VS. Los Vascos<br \/>\n09:45 Categor\u00eda 2003<br \/>\n11:00 categor\u00eda 2002<br \/>\n12:15 categor\u00eda 2001<br \/>\n13:30 Categor\u00eda 99-2000<br \/>\n14:45 Categor\u00eda 2004<br \/>\n16:00 Categor\u00eda 2005<\/p>\n<p>Pabell\u00f3n Arg. VS. Mercedes<br \/>\n10:00 Categor\u00eda 2004<br \/>\n11:00 Categor\u00eda 2002<br \/>\n12:15 categor\u00eda 2003<br \/>\n13:30 categor\u00eda 2001<br \/>\n14:45 Categor\u00eda 99-2000<\/p>\n<p>Comunicaciones VS. Defensores Jrs.<br \/>\n11:00 Categor\u00eda 2003<br \/>\n12:15 categor\u00eda 2002<br \/>\n13:30 Categor\u00eda 99-2000<br \/>\n14:45 Categor\u00eda 2004<br \/>\n16:00 Categor\u00eda 2005<\/p>\n<p>Mercedes \u201cA\u201d VS. Estudiantes<br \/>\n10:00 categor\u00eda 2003<br \/>\n11:15 categor\u00eda 2002<br \/>\n12:30 categor\u00eda 2001<br \/>\n13:45 Categor\u00eda 2004<br \/>\n15:00 Categor\u00eda 2005<\/p>\n<p>V\u00e9lez Sarsfield VS. Los Palometas<br \/>\n10:30 Categor\u00eda 2003<br \/>\n11:45 categor\u00eda 2002<br \/>\n13:00 Categor\u00eda 2004<br \/>\n14:15 Categor\u00eda 2005<\/p>\n","protected":false},"excerpt":{"rendered":"<p>PRIMERA DIVISION Viernes 8 de Julio, Cancha Liga Mercedina 11:00 hs. Los Palometas Vs. El Front\u00f3n 13:00 hs. V\u00e9lez Sarsfield Vs. Quilmes 15:00 hs. Mercedes Vs. Comunicaciones Viernes 8 de de Julio, Cancha Juventud 15:30 hs. Juventud VS. Ateneo S\u00e1bado 9 de Julio, cancha Liga Mercedina 13:45 hs. El Tim\u00f3n Vs. Estudiantes 16:00 hs. Trocha VS. Costa Brava RESERVA Viernes<\/p>\n","protected":false},"author":2,"featured_media":0,"comment_status":"open","ping_status":"open","sticky":false,"template":"","format":"standard","meta":{"footnotes":""},"categories":[4],"tags":[],"class_list":["post-17017","post","type-post","status-publish","format-standard","hentry","category-informaciongeneral"],"_links":{"self":[{"href":"https:\/\/ligamercedina.com\/web\/wp-json\/wp\/v2\/posts\/17017","targetHints":{"allow":["GET"]}}],"collection":[{"href":"https:\/\/ligamercedina.com\/web\/wp-json\/wp\/v2\/posts"}],"about":[{"href":"https:\/\/ligamercedina.com\/web\/wp-json\/wp\/v2\/types\/post"}],"author":[{"embeddable":true,"href":"https:\/\/ligamercedina.com\/web\/wp-json\/wp\/v2\/users\/2"}],"replies":[{"embeddable":true,"href":"https:\/\/ligamercedina.com\/web\/wp-json\/wp\/v2\/comments?post=17017"}],"version-history":[{"count":4,"href":"https:\/\/ligamercedina.com\/web\/wp-json\/wp\/v2\/posts\/17017\/revisions"}],"predecessor-version":[{"id":17025,"href":"https:\/\/ligamercedina.com\/web\/wp-json\/wp\/v2\/posts\/17017\/revisions\/17025"}],"wp:attachment":[{"href":"https:\/\/ligamercedina.com\/web\/wp-json\/wp\/v2\/media?parent=17017"}],"wp:term":[{"taxonomy":"category","embeddable":true,"href":"https:\/\/ligamercedina.com\/web\/wp-json\/wp\/v2\/categories?post=17017"},{"taxonomy":"post_tag","embeddable":true,"href":"https:\/\/ligamercedina.com\/web\/wp-json\/wp\/v2\/tags?post=17017"}],"curies":[{"name":"wp","href":"https:\/\/api.w.org\/{rel}","templated":true}]}}