{"id":1687,"date":"2009-06-24T21:23:52","date_gmt":"2009-06-25T00:23:52","guid":{"rendered":"https:\/\/ligamercedina.com\/?p=1687"},"modified":"2009-06-24T21:23:52","modified_gmt":"2009-06-25T00:23:52","slug":"se-suspende-la-fecha-de-futbol-infanto-juvenil","status":"publish","type":"post","link":"https:\/\/ligamercedina.com\/web\/se-suspende-la-fecha-de-futbol-infanto-juvenil\/","title":{"rendered":"SE SUSPENDE LA FECHA DE FUTBOL INFANTO &#8211; JUVENIL"},"content":{"rendered":"<blockquote><p><strong>En la noche de hoy mi\u00e9rcoles, en la sede de la Liga se desarroll\u00f3 una reuni\u00f3n entre dirigentes de la Comisi\u00f3n directiva y delegados de los distintos clubes que participan en los torneos infanto &#8211; juvenil, con motivo de dar tratamiento a la situaci\u00f3n planteada por los propios clubes a ra\u00edz de existir muchos ni\u00f1os y adolescentes con estados gripales.<br \/>\nEn el encuentro estuvieron presentes el Presidente de la Liga, Jorge Cerfoglio; el Tesorero Armando Ponce; y los delegados de los clubes Ateneo de la Juventud, Mercedes, Quilmes, Mercedes \u00abA\u00bb, Estudiantes y Uni\u00f3n.<br \/>\nAll\u00ed, por unanimidad, los clubes decidieron la postergaci\u00f3n de la fecha prevista para el pr\u00f3ximo fin de semana, ya que todos presentaban gran cantidad de bajas por motivos de salud de los j\u00f3venes.<br \/>\nDe esta forma, la actividad se estar\u00e1 reanudando el pr\u00f3ximo s\u00e1bado 4 de julio.<\/strong><\/p><\/blockquote>\n","protected":false},"excerpt":{"rendered":"<p>En la noche de hoy mi\u00e9rcoles, en la sede de la Liga se desarroll\u00f3 una reuni\u00f3n entre dirigentes de la Comisi\u00f3n directiva y delegados de los distintos clubes que participan en los torneos infanto &#8211; juvenil, con motivo de dar tratamiento a la situaci\u00f3n planteada por los propios clubes a ra\u00edz de existir muchos ni\u00f1os y adolescentes con estados gripales.<\/p>\n","protected":false},"author":1,"featured_media":0,"comment_status":"open","ping_status":"open","sticky":false,"template":"","format":"standard","meta":{"footnotes":""},"categories":[4],"tags":[],"class_list":["post-1687","post","type-post","status-publish","format-standard","hentry","category-informaciongeneral"],"_links":{"self":[{"href":"https:\/\/ligamercedina.com\/web\/wp-json\/wp\/v2\/posts\/1687","targetHints":{"allow":["GET"]}}],"collection":[{"href":"https:\/\/ligamercedina.com\/web\/wp-json\/wp\/v2\/posts"}],"about":[{"href":"https:\/\/ligamercedina.com\/web\/wp-json\/wp\/v2\/types\/post"}],"author":[{"embeddable":true,"href":"https:\/\/ligamercedina.com\/web\/wp-json\/wp\/v2\/users\/1"}],"replies":[{"embeddable":true,"href":"https:\/\/ligamercedina.com\/web\/wp-json\/wp\/v2\/comments?post=1687"}],"version-history":[{"count":3,"href":"https:\/\/ligamercedina.com\/web\/wp-json\/wp\/v2\/posts\/1687\/revisions"}],"predecessor-version":[{"id":13871,"href":"https:\/\/ligamercedina.com\/web\/wp-json\/wp\/v2\/posts\/1687\/revisions\/13871"}],"wp:attachment":[{"href":"https:\/\/ligamercedina.com\/web\/wp-json\/wp\/v2\/media?parent=1687"}],"wp:term":[{"taxonomy":"category","embeddable":true,"href":"https:\/\/ligamercedina.com\/web\/wp-json\/wp\/v2\/categories?post=1687"},{"taxonomy":"post_tag","embeddable":true,"href":"https:\/\/ligamercedina.com\/web\/wp-json\/wp\/v2\/tags?post=1687"}],"curies":[{"name":"wp","href":"https:\/\/api.w.org\/{rel}","templated":true}]}}