{"id":16862,"date":"2016-06-13T23:22:03","date_gmt":"2016-06-14T02:22:03","guid":{"rendered":"https:\/\/ligamercedina.com\/web\/?p=16862"},"modified":"2016-06-19T22:16:45","modified_gmt":"2016-06-20T01:16:45","slug":"horarios-para-el-lunes-infanto-juvenil","status":"publish","type":"post","link":"https:\/\/ligamercedina.com\/web\/horarios-para-el-lunes-infanto-juvenil\/","title":{"rendered":"HORARIOS PARA EL LUNES: INFANTO &#8211; JUVENIL"},"content":{"rendered":"<blockquote><p><strong>INFANTIL \u2013 Lunes 20 de junio-<\/strong><\/p><\/blockquote>\n<p>Uni\u00f3n VS. Los Palometas, Quilmes VS. Estudiantes, Comunicaciones VS. Ateneo, Juventud VS. El Front\u00f3n, Mercedes VS. Los Vascos, V\u00e9lez Sarsfield VS. Mercedes \u201cA\u201d.<br \/>\n13:30 hs. Categor\u00eda 2008<br \/>\n14:30 hs. Categor\u00eda 2007<br \/>\n15:30 hs. Categor\u00eda 2006<\/p>\n<blockquote><p><strong>JUVENIL<\/strong><\/p><\/blockquote>\n<p>Quilmes VS. Estudiantes, Comunicaciones VS. Ateneo, Juventud VS. El Front\u00f3n, Mercedes VS. Los Vascos.<br \/>\n09:45 Categor\u00eda 2003<br \/>\n11:00 categor\u00eda 2002<br \/>\n12:15 categor\u00eda 2001<br \/>\n13:30 Categor\u00eda 99-2000<br \/>\n14:45 Categor\u00eda 2004<br \/>\n16:00 Categor\u00eda 2005<\/p>\n<p>Uni\u00f3n VS. Los Palometas<br \/>\n11:00 Categor\u00eda 2003<br \/>\n12:15 categor\u00eda 2002<br \/>\n13:30 Categor\u00eda 2004<br \/>\n15:00 Categor\u00eda 2005<\/p>\n<p>Pabell\u00f3n Argentino VS. Defensores Jrs.<br \/>\n10:00 Categor\u00eda 2003<br \/>\n11:15 categor\u00eda 2002<br \/>\n12:30 Categor\u00eda 99-2000<br \/>\n14:00 Categor\u00eda 2004<\/p>\n<p>V\u00e9lez Sarsfield VS. Mercedes \u201cA\u201d<br \/>\n09:45 Categor\u00eda 2003<br \/>\n11:00 categor\u00eda 2002<br \/>\n12:15 categor\u00eda 2001<br \/>\n13:30 Categor\u00eda 2004<br \/>\n14:30 Categor\u00eda 2005<\/p>\n","protected":false},"excerpt":{"rendered":"<p>INFANTIL \u2013 Lunes 20 de junio- Uni\u00f3n VS. Los Palometas, Quilmes VS. Estudiantes, Comunicaciones VS. Ateneo, Juventud VS. El Front\u00f3n, Mercedes VS. Los Vascos, V\u00e9lez Sarsfield VS. Mercedes \u201cA\u201d. 13:30 hs. Categor\u00eda 2008 14:30 hs. Categor\u00eda 2007 15:30 hs. Categor\u00eda 2006 JUVENIL Quilmes VS. Estudiantes, Comunicaciones VS. Ateneo, Juventud VS. El Front\u00f3n, Mercedes VS. Los Vascos. 09:45 Categor\u00eda 2003 11:00<\/p>\n","protected":false},"author":2,"featured_media":0,"comment_status":"open","ping_status":"open","sticky":false,"template":"","format":"standard","meta":{"footnotes":""},"categories":[4],"tags":[],"class_list":["post-16862","post","type-post","status-publish","format-standard","hentry","category-informaciongeneral"],"_links":{"self":[{"href":"https:\/\/ligamercedina.com\/web\/wp-json\/wp\/v2\/posts\/16862","targetHints":{"allow":["GET"]}}],"collection":[{"href":"https:\/\/ligamercedina.com\/web\/wp-json\/wp\/v2\/posts"}],"about":[{"href":"https:\/\/ligamercedina.com\/web\/wp-json\/wp\/v2\/types\/post"}],"author":[{"embeddable":true,"href":"https:\/\/ligamercedina.com\/web\/wp-json\/wp\/v2\/users\/2"}],"replies":[{"embeddable":true,"href":"https:\/\/ligamercedina.com\/web\/wp-json\/wp\/v2\/comments?post=16862"}],"version-history":[{"count":2,"href":"https:\/\/ligamercedina.com\/web\/wp-json\/wp\/v2\/posts\/16862\/revisions"}],"predecessor-version":[{"id":16910,"href":"https:\/\/ligamercedina.com\/web\/wp-json\/wp\/v2\/posts\/16862\/revisions\/16910"}],"wp:attachment":[{"href":"https:\/\/ligamercedina.com\/web\/wp-json\/wp\/v2\/media?parent=16862"}],"wp:term":[{"taxonomy":"category","embeddable":true,"href":"https:\/\/ligamercedina.com\/web\/wp-json\/wp\/v2\/categories?post=16862"},{"taxonomy":"post_tag","embeddable":true,"href":"https:\/\/ligamercedina.com\/web\/wp-json\/wp\/v2\/tags?post=16862"}],"curies":[{"name":"wp","href":"https:\/\/api.w.org\/{rel}","templated":true}]}}