{"id":16481,"date":"2016-04-25T23:14:33","date_gmt":"2016-04-26T02:14:33","guid":{"rendered":"https:\/\/ligamercedina.com\/web\/?p=16481"},"modified":"2016-04-26T07:46:29","modified_gmt":"2016-04-26T10:46:29","slug":"primera-division-reserva-horarios-confirmados-para-partidos-postergados","status":"publish","type":"post","link":"https:\/\/ligamercedina.com\/web\/primera-division-reserva-horarios-confirmados-para-partidos-postergados\/","title":{"rendered":"PRIMERA DIVISION &#8211; RESERVA: HORARIOS CONFIRMADOS PARA PARTIDOS POSTERGADOS"},"content":{"rendered":"<p><em><strong>Mi\u00e9rcoles 25 de abril,cancha Liga Mercedina<\/strong><\/em><br \/>\n20:00 hs. -RESERVA- El Tim\u00f3n Vs. El Front\u00f3n<br \/>\n21:45 hs. -PRIMERA- El Tim\u00f3n Vs. El Front\u00f3n<\/p>\n<p><em><strong>Viernes 27 de abril, cancha Liga Mercedina<\/strong><\/em><br \/>\n19:45 hs. -PRIMERA- Quilmes Vs. Comunicaciones<\/p>\n<p>En pocoas horas m\u00e1s se dar\u00e1n a conocer los horarios para el fin de semana, COMUNICANDO que se adelantar\u00e1n partidos del torneo de Reserva.<\/p>\n","protected":false},"excerpt":{"rendered":"<p>Mi\u00e9rcoles 25 de abril,cancha Liga Mercedina 20:00 hs. -RESERVA- El Tim\u00f3n Vs. El Front\u00f3n 21:45 hs. -PRIMERA- El Tim\u00f3n Vs. El Front\u00f3n Viernes 27 de abril, cancha Liga Mercedina 19:45 hs. -PRIMERA- Quilmes Vs. Comunicaciones En pocoas horas m\u00e1s se dar\u00e1n a conocer los horarios para el fin de semana, COMUNICANDO que se adelantar\u00e1n partidos del torneo de Reserva.<\/p>\n","protected":false},"author":2,"featured_media":0,"comment_status":"open","ping_status":"open","sticky":false,"template":"","format":"standard","meta":{"footnotes":""},"categories":[4],"tags":[],"class_list":["post-16481","post","type-post","status-publish","format-standard","hentry","category-informaciongeneral"],"_links":{"self":[{"href":"https:\/\/ligamercedina.com\/web\/wp-json\/wp\/v2\/posts\/16481","targetHints":{"allow":["GET"]}}],"collection":[{"href":"https:\/\/ligamercedina.com\/web\/wp-json\/wp\/v2\/posts"}],"about":[{"href":"https:\/\/ligamercedina.com\/web\/wp-json\/wp\/v2\/types\/post"}],"author":[{"embeddable":true,"href":"https:\/\/ligamercedina.com\/web\/wp-json\/wp\/v2\/users\/2"}],"replies":[{"embeddable":true,"href":"https:\/\/ligamercedina.com\/web\/wp-json\/wp\/v2\/comments?post=16481"}],"version-history":[{"count":2,"href":"https:\/\/ligamercedina.com\/web\/wp-json\/wp\/v2\/posts\/16481\/revisions"}],"predecessor-version":[{"id":16485,"href":"https:\/\/ligamercedina.com\/web\/wp-json\/wp\/v2\/posts\/16481\/revisions\/16485"}],"wp:attachment":[{"href":"https:\/\/ligamercedina.com\/web\/wp-json\/wp\/v2\/media?parent=16481"}],"wp:term":[{"taxonomy":"category","embeddable":true,"href":"https:\/\/ligamercedina.com\/web\/wp-json\/wp\/v2\/categories?post=16481"},{"taxonomy":"post_tag","embeddable":true,"href":"https:\/\/ligamercedina.com\/web\/wp-json\/wp\/v2\/tags?post=16481"}],"curies":[{"name":"wp","href":"https:\/\/api.w.org\/{rel}","templated":true}]}}