{"id":16478,"date":"2016-04-24T16:21:57","date_gmt":"2016-04-24T19:21:57","guid":{"rendered":"https:\/\/ligamercedina.com\/web\/?p=16478"},"modified":"2016-04-24T16:21:57","modified_gmt":"2016-04-24T19:21:57","slug":"infanto-juvenil-resultados-fecha-2-2","status":"publish","type":"post","link":"https:\/\/ligamercedina.com\/web\/infanto-juvenil-resultados-fecha-2-2\/","title":{"rendered":"INFANTO &#8211; JUVENIL: RESULTADOS FECHA 2"},"content":{"rendered":"<p><strong>MERCEDES \u201cA\u201d \u2013 EL FRONTON<\/strong><br \/>\nCategor\u00eda 2007: <strong>2  &#8211; 2 <\/strong><br \/>\nCategor\u00eda 2006: <strong>5  &#8211; 0<\/strong><br \/>\nCategor\u00eda 2005: <strong>1  \u2013 3 <\/strong><br \/>\nCategor\u00eda 2004: <strong>1  \u2013 1<\/strong><br \/>\nCategor\u00eda 2003: <strong>2 &#8211; 0<\/strong><br \/>\nCategor\u00eda 2002: <strong>2 \u2013 2<\/strong><br \/>\nCategor\u00eda 2001: <strong>0 &#8211; 0<\/strong><\/p>\n<p><strong>QUILMES \u2013 LOS VASCOS<\/strong><br \/>\nCategor\u00eda 2007: <strong>1 &#8211; 0<\/strong><br \/>\nCategor\u00eda 2006: <strong>0 \u2013 1<\/strong><br \/>\nCategor\u00eda 2005: <strong>0 \u2013 2<\/strong><br \/>\nCategor\u00eda 2004: <strong>5 \u2013 1<\/strong><br \/>\nCategor\u00eda 2003: <strong>1 &#8211; 0<\/strong><br \/>\nCategor\u00eda 2002: <strong>1 &#8211; 3<\/strong><br \/>\nCategor\u00eda 2001: 3 (Braian Leguizam\u00f3n, Diego Serrano, Fabricio Roth) \u2013 0<br \/>\nCategor\u00eda 99-2000: <strong>5 \u2013 1<\/strong> <\/p>\n<p><strong>JUVENTUD \u2013 PABELLON ARGENTINO<\/strong><br \/>\nCategor\u00eda 2004: <strong>1 &#8211; 0<\/strong><br \/>\nCategor\u00eda 2003: <strong>0 \u2013 2<\/strong><br \/>\nCategor\u00eda 2002: <strong>0 &#8211; 2<\/strong><br \/>\nCategor\u00eda 2001: <strong>2 \u2013 2  <\/strong><br \/>\nCategor\u00eda 99-2000: <strong>2 \u2013 1<\/strong><\/p>\n<p><strong>UNION \u2013 DEFENSORES JUNIORS<\/strong><br \/>\nCategor\u00eda 2007: <strong>1 &#8211; <\/strong><strong>0<\/strong><br \/>\nCategor\u00eda 2006: <strong>6 \u2013 1<\/strong><br \/>\nCategor\u00eda 2005: <strong>4 &#8211; 0<\/strong><br \/>\nCategor\u00eda 2004: <strong>4 &#8211; 0<\/strong><br \/>\nCategor\u00eda 2003: <strong>1 \u2013 1<\/strong><br \/>\nCategor\u00eda 2002: <strong>1 \u2013 2 <\/strong><br \/>\nCategor\u00eda 99-2000: <strong>2 &#8211; 0<\/strong><\/p>\n<p><strong>LOS PALOMETAS \u2013 ATENEO<\/strong><br \/>\nCategor\u00eda 2007: <strong>0 \u2013 2<\/strong><br \/>\nCategor\u00eda 2006: <strong>0 \u2013 1<\/strong><br \/>\nCategor\u00eda 2005: <strong>0 &#8211; 4<\/strong><br \/>\nCategor\u00eda 2004: <strong>1 &#8211; 0<\/strong><br \/>\nCategor\u00eda 2003: <strong>1 \u2013 7<\/strong><br \/>\nCategor\u00eda 2002: <strong>0 \u2013 3 <\/strong><\/p>\n<p><strong>COMUNICACIONES \u2013 MERCEDES<\/strong><br \/>\nCategor\u00eda 2007: <strong>3 &#8211; 4<\/strong><br \/>\nCategor\u00eda 2006: <strong>1 &#8211; 6<\/strong><br \/>\nCategor\u00eda 2005: <strong>0 &#8211; 0<\/strong><br \/>\nCategor\u00eda 2004: <strong>1 &#8211; 0<\/strong><br \/>\nCategor\u00eda 2003: <strong>0 &#8211; 0<\/strong><br \/>\nCategor\u00eda 2002: <strong>0 \u2013 1<\/strong><br \/>\nCategor\u00eda 2001: <strong>0 \u2013 4<\/strong><br \/>\nCategor\u00eda 99-2000: <strong>0 \u2013 1<\/strong><\/p>\n<p><strong>ESTUDIANTES \u2013 VELEZ<\/strong><br \/>\nCategor\u00eda 2007: <strong>7 &#8211; 0<\/strong><br \/>\nCategor\u00eda 2006: <strong>5 &#8211; 0<\/strong><br \/>\nCategor\u00eda 2005: <strong>6 &#8211; 0<\/strong><br \/>\nCategor\u00eda 2004: No se jug\u00f3<br \/>\nCategor\u00eda 2003: <strong>0 \u2013 1<\/strong><br \/>\nCategor\u00eda 2002: <strong>6 &#8211; 0<\/strong><br \/>\nCategor\u00eda 2001: <strong>6 &#8211; 0<\/strong><br \/>\nCategor\u00eda 99-2000: <strong>3 \u2013 3 <\/strong><\/p>\n","protected":false},"excerpt":{"rendered":"<p>MERCEDES \u201cA\u201d \u2013 EL FRONTON Categor\u00eda 2007: 2 &#8211; 2 Categor\u00eda 2006: 5 &#8211; 0 Categor\u00eda 2005: 1 \u2013 3 Categor\u00eda 2004: 1 \u2013 1 Categor\u00eda 2003: 2 &#8211; 0 Categor\u00eda 2002: 2 \u2013 2 Categor\u00eda 2001: 0 &#8211; 0 QUILMES \u2013 LOS VASCOS Categor\u00eda 2007: 1 &#8211; 0 Categor\u00eda 2006: 0 \u2013 1 Categor\u00eda 2005: 0 \u2013 2 Categor\u00eda<\/p>\n","protected":false},"author":2,"featured_media":0,"comment_status":"open","ping_status":"open","sticky":false,"template":"","format":"standard","meta":{"footnotes":""},"categories":[4],"tags":[],"class_list":["post-16478","post","type-post","status-publish","format-standard","hentry","category-informaciongeneral"],"_links":{"self":[{"href":"https:\/\/ligamercedina.com\/web\/wp-json\/wp\/v2\/posts\/16478","targetHints":{"allow":["GET"]}}],"collection":[{"href":"https:\/\/ligamercedina.com\/web\/wp-json\/wp\/v2\/posts"}],"about":[{"href":"https:\/\/ligamercedina.com\/web\/wp-json\/wp\/v2\/types\/post"}],"author":[{"embeddable":true,"href":"https:\/\/ligamercedina.com\/web\/wp-json\/wp\/v2\/users\/2"}],"replies":[{"embeddable":true,"href":"https:\/\/ligamercedina.com\/web\/wp-json\/wp\/v2\/comments?post=16478"}],"version-history":[{"count":1,"href":"https:\/\/ligamercedina.com\/web\/wp-json\/wp\/v2\/posts\/16478\/revisions"}],"predecessor-version":[{"id":16479,"href":"https:\/\/ligamercedina.com\/web\/wp-json\/wp\/v2\/posts\/16478\/revisions\/16479"}],"wp:attachment":[{"href":"https:\/\/ligamercedina.com\/web\/wp-json\/wp\/v2\/media?parent=16478"}],"wp:term":[{"taxonomy":"category","embeddable":true,"href":"https:\/\/ligamercedina.com\/web\/wp-json\/wp\/v2\/categories?post=16478"},{"taxonomy":"post_tag","embeddable":true,"href":"https:\/\/ligamercedina.com\/web\/wp-json\/wp\/v2\/tags?post=16478"}],"curies":[{"name":"wp","href":"https:\/\/api.w.org\/{rel}","templated":true}]}}