{"id":16431,"date":"2016-04-15T16:19:40","date_gmt":"2016-04-15T19:19:40","guid":{"rendered":"https:\/\/ligamercedina.com\/web\/?p=16431"},"modified":"2016-04-15T16:19:40","modified_gmt":"2016-04-15T19:19:40","slug":"primera-division-se-jugaron-partidos-entre-miercoles-y-jueves","status":"publish","type":"post","link":"https:\/\/ligamercedina.com\/web\/primera-division-se-jugaron-partidos-entre-miercoles-y-jueves\/","title":{"rendered":"PRIMERA DIVISION: SE JUGARON PARTIDOS ENTRE MIERCOLES Y JUEVES"},"content":{"rendered":"<blockquote><p><strong>RESULTADOS<\/strong><\/p><\/blockquote>\n<p><strong>QUILMES: -3-;<\/strong> Lucas Montero, Federico Blanco, Diego Ludue\u00f1a<br \/>\n<strong>ATENEO: -1-;<\/strong> Angel Pucheta<\/p>\n<p><strong>EL FRONTON: -3-;<\/strong> Daniel Busca, Mart\u00edn Bonetti, Jos\u00e9 Mansilla<br \/>\n<strong>TROCHA: -2-;<\/strong> Javier Graieb, Marcelo Gonz\u00e1lez<\/p>\n<p><strong>EL TIMON: -1-;<\/strong> Sebasti\u00e1n Mosca<br \/>\n<strong>COSTA BRAVA: -4-;<\/strong> Esteban Garc\u00eda, Nicol\u00e1s Padula y Jorge Melo (2)<\/p>\n","protected":false},"excerpt":{"rendered":"<p>RESULTADOS QUILMES: -3-; Lucas Montero, Federico Blanco, Diego Ludue\u00f1a ATENEO: -1-; Angel Pucheta EL FRONTON: -3-; Daniel Busca, Mart\u00edn Bonetti, Jos\u00e9 Mansilla TROCHA: -2-; Javier Graieb, Marcelo Gonz\u00e1lez EL TIMON: -1-; Sebasti\u00e1n Mosca COSTA BRAVA: -4-; Esteban Garc\u00eda, Nicol\u00e1s Padula y Jorge Melo (2)<\/p>\n","protected":false},"author":2,"featured_media":0,"comment_status":"open","ping_status":"open","sticky":false,"template":"","format":"standard","meta":{"footnotes":""},"categories":[4],"tags":[],"class_list":["post-16431","post","type-post","status-publish","format-standard","hentry","category-informaciongeneral"],"_links":{"self":[{"href":"https:\/\/ligamercedina.com\/web\/wp-json\/wp\/v2\/posts\/16431","targetHints":{"allow":["GET"]}}],"collection":[{"href":"https:\/\/ligamercedina.com\/web\/wp-json\/wp\/v2\/posts"}],"about":[{"href":"https:\/\/ligamercedina.com\/web\/wp-json\/wp\/v2\/types\/post"}],"author":[{"embeddable":true,"href":"https:\/\/ligamercedina.com\/web\/wp-json\/wp\/v2\/users\/2"}],"replies":[{"embeddable":true,"href":"https:\/\/ligamercedina.com\/web\/wp-json\/wp\/v2\/comments?post=16431"}],"version-history":[{"count":1,"href":"https:\/\/ligamercedina.com\/web\/wp-json\/wp\/v2\/posts\/16431\/revisions"}],"predecessor-version":[{"id":16432,"href":"https:\/\/ligamercedina.com\/web\/wp-json\/wp\/v2\/posts\/16431\/revisions\/16432"}],"wp:attachment":[{"href":"https:\/\/ligamercedina.com\/web\/wp-json\/wp\/v2\/media?parent=16431"}],"wp:term":[{"taxonomy":"category","embeddable":true,"href":"https:\/\/ligamercedina.com\/web\/wp-json\/wp\/v2\/categories?post=16431"},{"taxonomy":"post_tag","embeddable":true,"href":"https:\/\/ligamercedina.com\/web\/wp-json\/wp\/v2\/tags?post=16431"}],"curies":[{"name":"wp","href":"https:\/\/api.w.org\/{rel}","templated":true}]}}