{"id":16422,"date":"2016-04-12T14:27:21","date_gmt":"2016-04-12T17:27:21","guid":{"rendered":"https:\/\/ligamercedina.com\/web\/?p=16422"},"modified":"2016-04-12T14:27:21","modified_gmt":"2016-04-12T17:27:21","slug":"horarios-de-los-partidos-desde-manana-miercoles-al-domingo","status":"publish","type":"post","link":"https:\/\/ligamercedina.com\/web\/horarios-de-los-partidos-desde-manana-miercoles-al-domingo\/","title":{"rendered":"HORARIOS DE LOS PARTIDOS DESDE MA\u00d1ANA MIERCOLES AL DOMINGO"},"content":{"rendered":"<blockquote><p><strong>PRIMERA DIVISION<\/strong><\/p><\/blockquote>\n<p><em><strong>Mi\u00e9rcoles 13 de abril, cancha El Front\u00f3n<\/strong><\/em><br \/>\n19 hs. (Reserva) El Front\u00f3n Vs. Trocha<br \/>\n21 hs. (Primera) El Front\u00f3n Vs. Trocha<\/p>\n<p><em><strong>Mi\u00e9rcoles 13 de abril, cancha Liga Mercedina<\/strong><\/em><br \/>\n20 hs. (Primera) Ateneo Vs. Quilmes<\/p>\n<p><em><strong>Jueves 14 de abril, cancha Liga Mercedina <\/strong><\/em><br \/>\n20:00 hs. (Reserva) El Tim\u00f3n Vs. Costa Brava<br \/>\n21:45 hs. (Primera) El Tim\u00f3n Vs. Costa Brava<\/p>\n<p><em><strong>Domingo 17 de abril, cancha Liga Mercedina<\/strong><\/em><br \/>\n11:00 hs. Comunicaciones Vs. San Marcos<br \/>\n13:00 hs. V\u00e9lez Sarsfield Vs. Trocha<br \/>\n15:00 hs. Los Palometas Vs. El Tim\u00f3n<br \/>\n17:00 hs. Mercedes Vs. Juventud <\/p>\n<p><em><strong>Domingo 17 de abril, cancha El Front\u00f3n<\/strong><\/em><br \/>\n16:00 hs. El Front\u00f3n Vs. Quilmes<\/p>\n<blockquote><p><strong>RESERVA<\/strong><\/p><\/blockquote>\n<p><strong>S\u00e1bado 16 de abril, cancha V\u00e9lez Sarsfield<\/strong><br \/>\n15:45 hs. V\u00e9lez Vs. Trocha<\/p>\n<p><strong>S\u00e1bado 16 de abril, cancha Juventud de Suipacha<\/strong><br \/>\n16:15 hs. Pabell\u00f3n Argentino Vs. Uni\u00f3n<\/p>\n<p><em><strong>Domingo 17 de abril, cancha Mercedes<\/strong><\/em><br \/>\n13:00 hs. Los Palometas Vs. El Tim\u00f3n<br \/>\n14:45 hs. Mercedes Vs. Juventud<\/p>\n<p><em><strong>Domingo 17 de abril, cancha V\u00e9lez<\/strong><\/em><br \/>\n14:00 hs. Comunicaciones Vs. San Marcos<\/p>\n<p><em><strong>Domingo 17 de abril, cancha El Front\u00f3n<\/strong><\/em><br \/>\n14:00 hs. El Front\u00f3n Vs. Quilmes<\/p>\n<blockquote><p><strong>INFANTILES<\/strong><\/p><\/blockquote>\n<p>Los Palometas vs. Ateneo, Mercedes A vs. El Front\u00f3n, Uni\u00f3n vs. Defensores Juniors, Quilmes vs. Los Vascos, Comunicaciones vs. Mercedes y Estudiantes vs. V\u00e9lez.<br \/>\nA las 14.30 Categor\u00eda Promocional.<br \/>\nA las 15.30 Categor\u00eda 2007.<br \/>\nA las 16.30 Categor\u00eda 2006.<\/p>\n<blockquote><p><strong>JUVENILES<\/strong><\/p><\/blockquote>\n<p>Quilmes vs. Los Vascos, Comunicaciones vs. Mercedes, Estudiantes vs. V\u00e9lez, Uni\u00f3n vs. Defensores Juniors.<br \/>\nA las 10.30 Categor\u00eda 2003.<br \/>\nA las 11.30 categor\u00eda 2002.<br \/>\nA las 12.45 categor\u00eda 2001.<br \/>\nA las 14 Categor\u00eda 99-2000.<br \/>\nA las 15.30 Categor\u00eda 2004.<br \/>\nA las 16.30 Categor\u00eda 2005.<\/p>\n<p>Los Palometas vs. Ateneo<br \/>\nA las 10.30 Categor\u00eda 2003.<br \/>\nA las 11.45 categor\u00eda 2002.<br \/>\nA las 12.45 Categor\u00eda 2004.<br \/>\nA las 14 Categor\u00eda 2005.<\/p>\n<p>Juventud vs. Pabell\u00f3n<br \/>\nA las 10.00 Categor\u00eda 2003.<br \/>\nA las 11.15 Categor\u00eda 2002.<br \/>\nA las 12.30 Categor\u00eda 2001.<br \/>\nA las 13:45 Categor\u00eda 99-2000.<br \/>\nA las 15.00 Categor\u00eda 2004.<\/p>\n<p>Mercedes A vs. El Front\u00f3n.<br \/>\nA las 10.30 Categor\u00eda 2003.<br \/>\nA las 11.30 Categor\u00eda 2002.<br \/>\nA las 12.45 Categor\u00eda 2001.<br \/>\nA las 14 Categor\u00eda 2004.<br \/>\nA las 15 Categor\u00eda 2005.<\/p>\n","protected":false},"excerpt":{"rendered":"<p>PRIMERA DIVISION Mi\u00e9rcoles 13 de abril, cancha El Front\u00f3n 19 hs. (Reserva) El Front\u00f3n Vs. Trocha 21 hs. (Primera) El Front\u00f3n Vs. Trocha Mi\u00e9rcoles 13 de abril, cancha Liga Mercedina 20 hs. (Primera) Ateneo Vs. Quilmes Jueves 14 de abril, cancha Liga Mercedina 20:00 hs. (Reserva) El Tim\u00f3n Vs. Costa Brava 21:45 hs. (Primera) El Tim\u00f3n Vs. Costa Brava Domingo<\/p>\n","protected":false},"author":2,"featured_media":0,"comment_status":"open","ping_status":"open","sticky":false,"template":"","format":"standard","meta":{"footnotes":""},"categories":[4],"tags":[],"class_list":["post-16422","post","type-post","status-publish","format-standard","hentry","category-informaciongeneral"],"_links":{"self":[{"href":"https:\/\/ligamercedina.com\/web\/wp-json\/wp\/v2\/posts\/16422","targetHints":{"allow":["GET"]}}],"collection":[{"href":"https:\/\/ligamercedina.com\/web\/wp-json\/wp\/v2\/posts"}],"about":[{"href":"https:\/\/ligamercedina.com\/web\/wp-json\/wp\/v2\/types\/post"}],"author":[{"embeddable":true,"href":"https:\/\/ligamercedina.com\/web\/wp-json\/wp\/v2\/users\/2"}],"replies":[{"embeddable":true,"href":"https:\/\/ligamercedina.com\/web\/wp-json\/wp\/v2\/comments?post=16422"}],"version-history":[{"count":1,"href":"https:\/\/ligamercedina.com\/web\/wp-json\/wp\/v2\/posts\/16422\/revisions"}],"predecessor-version":[{"id":16423,"href":"https:\/\/ligamercedina.com\/web\/wp-json\/wp\/v2\/posts\/16422\/revisions\/16423"}],"wp:attachment":[{"href":"https:\/\/ligamercedina.com\/web\/wp-json\/wp\/v2\/media?parent=16422"}],"wp:term":[{"taxonomy":"category","embeddable":true,"href":"https:\/\/ligamercedina.com\/web\/wp-json\/wp\/v2\/categories?post=16422"},{"taxonomy":"post_tag","embeddable":true,"href":"https:\/\/ligamercedina.com\/web\/wp-json\/wp\/v2\/tags?post=16422"}],"curies":[{"name":"wp","href":"https:\/\/api.w.org\/{rel}","templated":true}]}}