{"id":16393,"date":"2016-04-07T22:43:30","date_gmt":"2016-04-08T01:43:30","guid":{"rendered":"https:\/\/ligamercedina.com\/web\/?p=16393"},"modified":"2016-04-07T22:52:47","modified_gmt":"2016-04-08T01:52:47","slug":"seleccion-de-la-liga-particiapara-en-olimpiadas-de-lobos","status":"publish","type":"post","link":"https:\/\/ligamercedina.com\/web\/seleccion-de-la-liga-particiapara-en-olimpiadas-de-lobos\/","title":{"rendered":"SELECCION DE LA LIGA PARTICIPARA EN OLIMPIADAS DE LOBOS"},"content":{"rendered":"<blockquote><p><strong>En la jornada de este jueves se confirm\u00f3 que la Liga Mercedina representar\u00e1 en la disciplina f\u00fatbol a la ciudad de Mercedes en las pr\u00f3ximas Olimp\u00edadas de la Cuenca del Salado. En este sentido, se informa que el entrenador del seleccionado ser\u00e1 Diego Silvestre ex t\u00e9cnico de Club Mercedes y Los Palometas, y con trayectoria en el f\u00fatbol de nuestra localidad.<\/p>\n<p>Durante el fin de semana se dar\u00e1 a conocer el listado de jugadores que ser\u00e1n convocados por el entrenador.<\/strong><\/p><\/blockquote>\n","protected":false},"excerpt":{"rendered":"<p>En la jornada de este jueves se confirm\u00f3 que la Liga Mercedina representar\u00e1 en la disciplina f\u00fatbol a la ciudad de Mercedes en las pr\u00f3ximas Olimp\u00edadas de la Cuenca del Salado. En este sentido, se informa que el entrenador del seleccionado ser\u00e1 Diego Silvestre ex t\u00e9cnico de Club Mercedes y Los Palometas, y con trayectoria en el f\u00fatbol de nuestra<\/p>\n","protected":false},"author":2,"featured_media":0,"comment_status":"open","ping_status":"open","sticky":false,"template":"","format":"standard","meta":{"footnotes":""},"categories":[4],"tags":[],"class_list":["post-16393","post","type-post","status-publish","format-standard","hentry","category-informaciongeneral"],"_links":{"self":[{"href":"https:\/\/ligamercedina.com\/web\/wp-json\/wp\/v2\/posts\/16393","targetHints":{"allow":["GET"]}}],"collection":[{"href":"https:\/\/ligamercedina.com\/web\/wp-json\/wp\/v2\/posts"}],"about":[{"href":"https:\/\/ligamercedina.com\/web\/wp-json\/wp\/v2\/types\/post"}],"author":[{"embeddable":true,"href":"https:\/\/ligamercedina.com\/web\/wp-json\/wp\/v2\/users\/2"}],"replies":[{"embeddable":true,"href":"https:\/\/ligamercedina.com\/web\/wp-json\/wp\/v2\/comments?post=16393"}],"version-history":[{"count":2,"href":"https:\/\/ligamercedina.com\/web\/wp-json\/wp\/v2\/posts\/16393\/revisions"}],"predecessor-version":[{"id":16397,"href":"https:\/\/ligamercedina.com\/web\/wp-json\/wp\/v2\/posts\/16393\/revisions\/16397"}],"wp:attachment":[{"href":"https:\/\/ligamercedina.com\/web\/wp-json\/wp\/v2\/media?parent=16393"}],"wp:term":[{"taxonomy":"category","embeddable":true,"href":"https:\/\/ligamercedina.com\/web\/wp-json\/wp\/v2\/categories?post=16393"},{"taxonomy":"post_tag","embeddable":true,"href":"https:\/\/ligamercedina.com\/web\/wp-json\/wp\/v2\/tags?post=16393"}],"curies":[{"name":"wp","href":"https:\/\/api.w.org\/{rel}","templated":true}]}}