{"id":16388,"date":"2016-04-07T21:58:48","date_gmt":"2016-04-08T00:58:48","guid":{"rendered":"https:\/\/ligamercedina.com\/web\/?p=16388"},"modified":"2016-04-07T21:58:48","modified_gmt":"2016-04-08T00:58:48","slug":"reserva-trocha-velez-va-el-sabado","status":"publish","type":"post","link":"https:\/\/ligamercedina.com\/web\/reserva-trocha-velez-va-el-sabado\/","title":{"rendered":"RESERVA: TROCHA &#8211; VELEZ VA EL SABADO"},"content":{"rendered":"<blockquote><p><strong>Tras acuerdo entre dirigentes de ambas instituciones, se confirm\u00f3 que el partido de Reserva entre V\u00e9lez y Trocha se jugar\u00e1 el s\u00e1bado desde las 15:30 horas en cancha del primero, dejando aclarado que en caso de suspensi\u00f3n por mal tiempo, el partido se reprogramar\u00e1 para el d\u00eda domingo.<\/strong><\/p><\/blockquote>\n","protected":false},"excerpt":{"rendered":"<p>Tras acuerdo entre dirigentes de ambas instituciones, se confirm\u00f3 que el partido de Reserva entre V\u00e9lez y Trocha se jugar\u00e1 el s\u00e1bado desde las 15:30 horas en cancha del primero, dejando aclarado que en caso de suspensi\u00f3n por mal tiempo, el partido se reprogramar\u00e1 para el d\u00eda domingo.<\/p>\n","protected":false},"author":2,"featured_media":0,"comment_status":"open","ping_status":"open","sticky":false,"template":"","format":"standard","meta":{"footnotes":""},"categories":[4],"tags":[],"class_list":["post-16388","post","type-post","status-publish","format-standard","hentry","category-informaciongeneral"],"_links":{"self":[{"href":"https:\/\/ligamercedina.com\/web\/wp-json\/wp\/v2\/posts\/16388","targetHints":{"allow":["GET"]}}],"collection":[{"href":"https:\/\/ligamercedina.com\/web\/wp-json\/wp\/v2\/posts"}],"about":[{"href":"https:\/\/ligamercedina.com\/web\/wp-json\/wp\/v2\/types\/post"}],"author":[{"embeddable":true,"href":"https:\/\/ligamercedina.com\/web\/wp-json\/wp\/v2\/users\/2"}],"replies":[{"embeddable":true,"href":"https:\/\/ligamercedina.com\/web\/wp-json\/wp\/v2\/comments?post=16388"}],"version-history":[{"count":2,"href":"https:\/\/ligamercedina.com\/web\/wp-json\/wp\/v2\/posts\/16388\/revisions"}],"predecessor-version":[{"id":16390,"href":"https:\/\/ligamercedina.com\/web\/wp-json\/wp\/v2\/posts\/16388\/revisions\/16390"}],"wp:attachment":[{"href":"https:\/\/ligamercedina.com\/web\/wp-json\/wp\/v2\/media?parent=16388"}],"wp:term":[{"taxonomy":"category","embeddable":true,"href":"https:\/\/ligamercedina.com\/web\/wp-json\/wp\/v2\/categories?post=16388"},{"taxonomy":"post_tag","embeddable":true,"href":"https:\/\/ligamercedina.com\/web\/wp-json\/wp\/v2\/tags?post=16388"}],"curies":[{"name":"wp","href":"https:\/\/api.w.org\/{rel}","templated":true}]}}