{"id":16383,"date":"2016-04-04T23:25:43","date_gmt":"2016-04-05T02:25:43","guid":{"rendered":"https:\/\/ligamercedina.com\/web\/?p=16383"},"modified":"2016-04-12T20:01:59","modified_gmt":"2016-04-12T23:01:59","slug":"horarios-para-el-fin-de-semana-96","status":"publish","type":"post","link":"https:\/\/ligamercedina.com\/web\/horarios-para-el-fin-de-semana-96\/","title":{"rendered":"HORARIOS PARA EL FIN DE SEMANA"},"content":{"rendered":"<blockquote><p><strong>PRIMERA DIVISION<\/strong><\/p><\/blockquote>\n<p><em><strong>Domingo 10 de abril, cancha Liga Mercedina<\/strong><\/em><br \/>\n11:00 hs. Comunicaciones Vs. San Marcos<br \/>\n13:00 hs. V\u00e9lez Sarsfield Vs. Trocha<br \/>\n15:00 hs. Los Palometas Vs. El Tim\u00f3n<br \/>\n17:00 hs. Mercedes Vs. Juventud <\/p>\n<p><em><strong>Domingo 10 de abril, cancha Costa Brava<\/strong><\/em><br \/>\n16:00 hs. Costa Brava Vs. Ateneo<\/p>\n<p><em><strong>Domingo 10 de abril, cancha El Front\u00f3n<\/strong><\/em><br \/>\n16:00 hs. El Front\u00f3n Vs. Quilmes<\/p>\n<blockquote><p><strong> RESERVA<\/strong><\/p><\/blockquote>\n<p><strong>S\u00e1bado 9 de abril, cancha Juventud de Suipacha<\/strong><br \/>\n16:15 hs. Pabell\u00f3n Argentino Vs. Uni\u00f3n<\/p>\n<p><em><strong>Domingo 10 de abril, cancha Mercedes<\/strong><\/em><br \/>\n13:00 hs. Los Palometas Vs. El Tim\u00f3n<br \/>\n14:45 hs. Mercedes Vs. Juventud<\/p>\n<p><em><strong>Domingo 10 de abril, cancha V\u00e9lez<\/strong><\/em><br \/>\n14:00 hs. Comunicaciones Vs. San Marcos<br \/>\n15:45 hs. V\u00e9lez Vs. Trocha<\/p>\n<p><em><strong>Domingo 10 de abril, cancha Costa Brava<\/strong><\/em><br \/>\n14:00 hs. Costa Brava Vs. Ateneo<\/p>\n<p><em><strong>Domingo 10 de abril, cancha El Front\u00f3n<\/strong><\/em><br \/>\n14:00 hs. El Front\u00f3n Vs. Quilmes<\/p>\n<blockquote><p><strong>INFANTIL<\/strong><\/p><\/blockquote>\n<p>Los Palometas vs. Ateneo, Mercedes A vs. El Front\u00f3n, Uni\u00f3n vs. Defensores Juniors, Quilmes vs. Los Vascos, Comunicaciones vs. Mercedes y Estudiantes vs. V\u00e9lez.<br \/>\nA las 14.30 Categor\u00eda Promocional.<br \/>\nA las 15.30 Categor\u00eda 2007.<br \/>\nA las 16.30 Categor\u00eda 2006.<\/p>\n<blockquote><p><strong>JUVENILES<\/strong><\/p><\/blockquote>\n<p>Quilmes vs. Los Vascos, Comunicaciones vs. Mercedes, Estudiantes vs. V\u00e9lez, Uni\u00f3n vs. Defensores Juniors.<br \/>\nA las 10.30 Categor\u00eda 2003.<br \/>\nA las 11.30 categor\u00eda 2002.<br \/>\nA las 12.45 categor\u00eda 2001.<br \/>\nA las 14 Categor\u00eda 99-2000.<br \/>\nA las 15.30 Categor\u00eda 2004.<br \/>\nA las 16.30 Categor\u00eda 2005.<\/p>\n<p>Los Palometas vs. Ateneo<br \/>\nA las 10.30 Categor\u00eda 2003.<br \/>\nA las 11.45 categor\u00eda 2002.<br \/>\nA las 12.45 Categor\u00eda 2004.<br \/>\nA las 14 Categor\u00eda 2005.<\/p>\n<p>Juventud vs. Pabell\u00f3n<br \/>\nA las 10.00 Categor\u00eda 2003.<br \/>\nA las 11.15 Categor\u00eda 2002.<br \/>\nA las 12.30 Categor\u00eda 2001.<br \/>\nA las 13:45 Categor\u00eda 99-2000.<br \/>\nA las 15.00 Categor\u00eda 2004.<\/p>\n<p>Mercedes A vs. El Front\u00f3n.<br \/>\nA las 10.30 Categor\u00eda 2003.<br \/>\nA las 11.30 Categor\u00eda 2002.<br \/>\nA las 12.45 Categor\u00eda 2001.<br \/>\nA las 14 Categor\u00eda 2004.<br \/>\nA las 15 Categor\u00eda 2005.<\/p>\n","protected":false},"excerpt":{"rendered":"<p>PRIMERA DIVISION Domingo 10 de abril, cancha Liga Mercedina 11:00 hs. Comunicaciones Vs. San Marcos 13:00 hs. V\u00e9lez Sarsfield Vs. Trocha 15:00 hs. Los Palometas Vs. El Tim\u00f3n 17:00 hs. Mercedes Vs. Juventud Domingo 10 de abril, cancha Costa Brava 16:00 hs. Costa Brava Vs. Ateneo Domingo 10 de abril, cancha El Front\u00f3n 16:00 hs. El Front\u00f3n Vs. Quilmes RESERVA<\/p>\n","protected":false},"author":2,"featured_media":0,"comment_status":"open","ping_status":"open","sticky":false,"template":"","format":"standard","meta":{"footnotes":""},"categories":[4],"tags":[],"class_list":["post-16383","post","type-post","status-publish","format-standard","hentry","category-informaciongeneral"],"_links":{"self":[{"href":"https:\/\/ligamercedina.com\/web\/wp-json\/wp\/v2\/posts\/16383","targetHints":{"allow":["GET"]}}],"collection":[{"href":"https:\/\/ligamercedina.com\/web\/wp-json\/wp\/v2\/posts"}],"about":[{"href":"https:\/\/ligamercedina.com\/web\/wp-json\/wp\/v2\/types\/post"}],"author":[{"embeddable":true,"href":"https:\/\/ligamercedina.com\/web\/wp-json\/wp\/v2\/users\/2"}],"replies":[{"embeddable":true,"href":"https:\/\/ligamercedina.com\/web\/wp-json\/wp\/v2\/comments?post=16383"}],"version-history":[{"count":3,"href":"https:\/\/ligamercedina.com\/web\/wp-json\/wp\/v2\/posts\/16383\/revisions"}],"predecessor-version":[{"id":16386,"href":"https:\/\/ligamercedina.com\/web\/wp-json\/wp\/v2\/posts\/16383\/revisions\/16386"}],"wp:attachment":[{"href":"https:\/\/ligamercedina.com\/web\/wp-json\/wp\/v2\/media?parent=16383"}],"wp:term":[{"taxonomy":"category","embeddable":true,"href":"https:\/\/ligamercedina.com\/web\/wp-json\/wp\/v2\/categories?post=16383"},{"taxonomy":"post_tag","embeddable":true,"href":"https:\/\/ligamercedina.com\/web\/wp-json\/wp\/v2\/tags?post=16383"}],"curies":[{"name":"wp","href":"https:\/\/api.w.org\/{rel}","templated":true}]}}