{"id":16381,"date":"2016-04-04T23:18:50","date_gmt":"2016-04-05T02:18:50","guid":{"rendered":"https:\/\/ligamercedina.com\/web\/?p=16381"},"modified":"2016-04-04T23:18:50","modified_gmt":"2016-04-05T02:18:50","slug":"martes-con-reunion-de-delegados-4","status":"publish","type":"post","link":"https:\/\/ligamercedina.com\/web\/martes-con-reunion-de-delegados-4\/","title":{"rendered":"MARTES CON REUNION DE DELEGADOS"},"content":{"rendered":"<p><strong>Tal como hab\u00eda sido anunciada la semana pasada, a partir de las 20:30 horas de este martes, en la sede de la Liga Mercedina se realizar\u00e1 una reuni\u00f3n de delegados a fin de dar tratamiento a distintos temas relacionados con la organizaci\u00f3n de los distintos torneos.<br \/>\nVarios son los temas que se estar\u00e1n abordando por lo que se solicita la presencia de los distintos delegados.<\/p>\n<p>Asimismo se informa que ayer martes retom\u00f3 funciones como Presidente de la instituci\u00f3n Esteban Marcelo, quien se encontraba de licencia desde el pasado 7 de marzo, habiendo ocupado su lugar el vicepresidente Jorte Cerfoglio.<\/strong><\/p>\n","protected":false},"excerpt":{"rendered":"<p>Tal como hab\u00eda sido anunciada la semana pasada, a partir de las 20:30 horas de este martes, en la sede de la Liga Mercedina se realizar\u00e1 una reuni\u00f3n de delegados a fin de dar tratamiento a distintos temas relacionados con la organizaci\u00f3n de los distintos torneos. Varios son los temas que se estar\u00e1n abordando por lo que se solicita la<\/p>\n","protected":false},"author":2,"featured_media":0,"comment_status":"open","ping_status":"open","sticky":false,"template":"","format":"standard","meta":{"footnotes":""},"categories":[4],"tags":[],"class_list":["post-16381","post","type-post","status-publish","format-standard","hentry","category-informaciongeneral"],"_links":{"self":[{"href":"https:\/\/ligamercedina.com\/web\/wp-json\/wp\/v2\/posts\/16381","targetHints":{"allow":["GET"]}}],"collection":[{"href":"https:\/\/ligamercedina.com\/web\/wp-json\/wp\/v2\/posts"}],"about":[{"href":"https:\/\/ligamercedina.com\/web\/wp-json\/wp\/v2\/types\/post"}],"author":[{"embeddable":true,"href":"https:\/\/ligamercedina.com\/web\/wp-json\/wp\/v2\/users\/2"}],"replies":[{"embeddable":true,"href":"https:\/\/ligamercedina.com\/web\/wp-json\/wp\/v2\/comments?post=16381"}],"version-history":[{"count":1,"href":"https:\/\/ligamercedina.com\/web\/wp-json\/wp\/v2\/posts\/16381\/revisions"}],"predecessor-version":[{"id":16382,"href":"https:\/\/ligamercedina.com\/web\/wp-json\/wp\/v2\/posts\/16381\/revisions\/16382"}],"wp:attachment":[{"href":"https:\/\/ligamercedina.com\/web\/wp-json\/wp\/v2\/media?parent=16381"}],"wp:term":[{"taxonomy":"category","embeddable":true,"href":"https:\/\/ligamercedina.com\/web\/wp-json\/wp\/v2\/categories?post=16381"},{"taxonomy":"post_tag","embeddable":true,"href":"https:\/\/ligamercedina.com\/web\/wp-json\/wp\/v2\/tags?post=16381"}],"curies":[{"name":"wp","href":"https:\/\/api.w.org\/{rel}","templated":true}]}}