{"id":16373,"date":"2016-04-01T18:40:13","date_gmt":"2016-04-01T21:40:13","guid":{"rendered":"https:\/\/ligamercedina.com\/web\/?p=16373"},"modified":"2016-04-01T19:13:58","modified_gmt":"2016-04-01T22:13:58","slug":"suspenciones-de-infanto-juvenil-y-reserva","status":"publish","type":"post","link":"https:\/\/ligamercedina.com\/web\/suspenciones-de-infanto-juvenil-y-reserva\/","title":{"rendered":"Suspensiones de Infanto-Juvenil y Reserva"},"content":{"rendered":"<p>La segunda fecha del Infanto-Juvenil que estaba programada para este s\u00e1bado 2 de abril queda suspendida, no solo por la lluvia ca\u00edda en la jornada del viernes 1 sino tambi\u00e9n por los pron\u00f3sticos que se anuncian con el clima.<\/p>\n<p>Partidos de Reserva del s\u00e1bado 2 en cancha de Ateneo quedan suspendidos por mal estado del campo de juego.<\/p>\n<p>Primera y Reserva que est\u00e1 programado para el domingo 3 se resuelve el s\u00e1bado 2 de abril a las 18 si se jugar\u00e1.<\/p>\n<p>Para el martes 5 de abril a las 20.30 se convoca a reuni\u00f3n de delegados en sede de la Liga Mercedina de F\u00fatbol.  <\/p>\n","protected":false},"excerpt":{"rendered":"<p>La segunda fecha del Infanto-Juvenil que estaba programada para este s\u00e1bado 2 de abril queda suspendida, no solo por la lluvia ca\u00edda en la jornada del viernes 1 sino tambi\u00e9n por los pron\u00f3sticos que se anuncian con el clima. Partidos de Reserva del s\u00e1bado 2 en cancha de Ateneo quedan suspendidos por mal estado del campo de juego. Primera y<\/p>\n","protected":false},"author":2,"featured_media":0,"comment_status":"open","ping_status":"open","sticky":false,"template":"","format":"standard","meta":{"footnotes":""},"categories":[4],"tags":[],"class_list":["post-16373","post","type-post","status-publish","format-standard","hentry","category-informaciongeneral"],"_links":{"self":[{"href":"https:\/\/ligamercedina.com\/web\/wp-json\/wp\/v2\/posts\/16373","targetHints":{"allow":["GET"]}}],"collection":[{"href":"https:\/\/ligamercedina.com\/web\/wp-json\/wp\/v2\/posts"}],"about":[{"href":"https:\/\/ligamercedina.com\/web\/wp-json\/wp\/v2\/types\/post"}],"author":[{"embeddable":true,"href":"https:\/\/ligamercedina.com\/web\/wp-json\/wp\/v2\/users\/2"}],"replies":[{"embeddable":true,"href":"https:\/\/ligamercedina.com\/web\/wp-json\/wp\/v2\/comments?post=16373"}],"version-history":[{"count":2,"href":"https:\/\/ligamercedina.com\/web\/wp-json\/wp\/v2\/posts\/16373\/revisions"}],"predecessor-version":[{"id":16375,"href":"https:\/\/ligamercedina.com\/web\/wp-json\/wp\/v2\/posts\/16373\/revisions\/16375"}],"wp:attachment":[{"href":"https:\/\/ligamercedina.com\/web\/wp-json\/wp\/v2\/media?parent=16373"}],"wp:term":[{"taxonomy":"category","embeddable":true,"href":"https:\/\/ligamercedina.com\/web\/wp-json\/wp\/v2\/categories?post=16373"},{"taxonomy":"post_tag","embeddable":true,"href":"https:\/\/ligamercedina.com\/web\/wp-json\/wp\/v2\/tags?post=16373"}],"curies":[{"name":"wp","href":"https:\/\/api.w.org\/{rel}","templated":true}]}}