{"id":16250,"date":"2016-03-01T22:16:51","date_gmt":"2016-03-02T01:16:51","guid":{"rendered":"https:\/\/ligamercedina.com\/web\/?p=16250"},"modified":"2016-03-01T22:16:51","modified_gmt":"2016-03-02T01:16:51","slug":"torneo-de-verano-culmino-la-clasificacion-y-el-jueves-van-las-semifinales","status":"publish","type":"post","link":"https:\/\/ligamercedina.com\/web\/torneo-de-verano-culmino-la-clasificacion-y-el-jueves-van-las-semifinales\/","title":{"rendered":"TORNEO DE VERANO: CULMINO LA CLASIFICACION Y EL JUEVES VAN LAS SEMIFINALES"},"content":{"rendered":"<blockquote><p><strong>Resultados \u00faltima fecha Zona \u00abC\u00bb<\/strong><\/p><\/blockquote>\n<p><strong>QUILMES: -2-;<\/strong> Facundo Buscalia, Aoroli Duarte<br \/>\n<strong>MERCEDES: -2-;<\/strong> Rom\u00e1n Lanegrasse (2)<\/p>\n<p><strong>ESTUDIANTES: -3-;<\/strong> Juan Dell&#8217;Oro, Valent\u00edn R\u00edos (2)<br \/>\n<strong>ATENEO: -0-<\/strong><\/p>\n<blockquote><p><strong>POSICIONES FINALES<\/strong><\/p><\/blockquote>\n<p><a href=\"https:\/\/ligamercedina.com\/web\/wp-content\/uploads\/2016\/03\/posi.jpg\" rel=\"attachment wp-att-16251\"><img loading=\"lazy\" decoding=\"async\" src=\"https:\/\/ligamercedina.com\/web\/wp-content\/uploads\/2016\/03\/posi.jpg\" alt=\"posi\" width=\"492\" height=\"423\" class=\"aligncenter size-full wp-image-16251\" srcset=\"https:\/\/ligamercedina.com\/web\/wp-content\/uploads\/2016\/03\/posi.jpg 492w, https:\/\/ligamercedina.com\/web\/wp-content\/uploads\/2016\/03\/posi-300x258.jpg 300w\" sizes=\"auto, (max-width: 492px) 100vw, 492px\" \/><\/a><\/p>\n<blockquote><p><strong>ASI SE JUEGAN LAS SEMIFINALES<\/strong><\/p><\/blockquote>\n<p><em><strong>Jueves 4 de marzo, cancha Liga Mercedina<\/strong><\/em><br \/>\n20:00 hs. Estudiantes Vs. Comunicaciones<br \/>\n21:00 hs. Los Vascos Vs. Uni\u00f3n<\/p>\n","protected":false},"excerpt":{"rendered":"<p>Resultados \u00faltima fecha Zona \u00abC\u00bb QUILMES: -2-; Facundo Buscalia, Aoroli Duarte MERCEDES: -2-; Rom\u00e1n Lanegrasse (2) ESTUDIANTES: -3-; Juan Dell&#8217;Oro, Valent\u00edn R\u00edos (2) ATENEO: -0- POSICIONES FINALES ASI SE JUEGAN LAS SEMIFINALES Jueves 4 de marzo, cancha Liga Mercedina 20:00 hs. Estudiantes Vs. Comunicaciones 21:00 hs. Los Vascos Vs. Uni\u00f3n<\/p>\n","protected":false},"author":2,"featured_media":0,"comment_status":"open","ping_status":"open","sticky":false,"template":"","format":"standard","meta":{"footnotes":""},"categories":[4],"tags":[],"class_list":["post-16250","post","type-post","status-publish","format-standard","hentry","category-informaciongeneral"],"_links":{"self":[{"href":"https:\/\/ligamercedina.com\/web\/wp-json\/wp\/v2\/posts\/16250","targetHints":{"allow":["GET"]}}],"collection":[{"href":"https:\/\/ligamercedina.com\/web\/wp-json\/wp\/v2\/posts"}],"about":[{"href":"https:\/\/ligamercedina.com\/web\/wp-json\/wp\/v2\/types\/post"}],"author":[{"embeddable":true,"href":"https:\/\/ligamercedina.com\/web\/wp-json\/wp\/v2\/users\/2"}],"replies":[{"embeddable":true,"href":"https:\/\/ligamercedina.com\/web\/wp-json\/wp\/v2\/comments?post=16250"}],"version-history":[{"count":1,"href":"https:\/\/ligamercedina.com\/web\/wp-json\/wp\/v2\/posts\/16250\/revisions"}],"predecessor-version":[{"id":16252,"href":"https:\/\/ligamercedina.com\/web\/wp-json\/wp\/v2\/posts\/16250\/revisions\/16252"}],"wp:attachment":[{"href":"https:\/\/ligamercedina.com\/web\/wp-json\/wp\/v2\/media?parent=16250"}],"wp:term":[{"taxonomy":"category","embeddable":true,"href":"https:\/\/ligamercedina.com\/web\/wp-json\/wp\/v2\/categories?post=16250"},{"taxonomy":"post_tag","embeddable":true,"href":"https:\/\/ligamercedina.com\/web\/wp-json\/wp\/v2\/tags?post=16250"}],"curies":[{"name":"wp","href":"https:\/\/api.w.org\/{rel}","templated":true}]}}