{"id":16242,"date":"2016-03-01T00:24:10","date_gmt":"2016-03-01T03:24:10","guid":{"rendered":"https:\/\/ligamercedina.com\/web\/?p=16242"},"modified":"2016-03-03T18:32:05","modified_gmt":"2016-03-03T21:32:05","slug":"infanto-juvenil-se-sorteo-el-fixture-2016","status":"publish","type":"post","link":"https:\/\/ligamercedina.com\/web\/infanto-juvenil-se-sorteo-el-fixture-2016\/","title":{"rendered":"INFANTO &#8211; JUVENIL: SE SORTEO EL FIXTURE 2016"},"content":{"rendered":"<blockquote><p><strong>FECHA 1<\/strong><\/p><\/blockquote>\n<p>Mercedes VS. Juventud<br \/>\nLos Vascos VS. Com&#8217;ciones<br \/>\nDefensores Jrs. VS. Quilmes<br \/>\nEl Front\u00f3n VS. Uni\u00f3n<br \/>\nAteneo VS. Mercedes \u00abA\u00bb<br \/>\nEstudiantes VS. Los Palometas<br \/>\nV\u00e9lez Sarsfield VS. Pabell\u00f3n Arg.<\/p>\n<blockquote><p><strong>FECHA 2<\/strong><\/p><\/blockquote>\n<p>Los Palometas VS. Ateneo<br \/>\nMercedes \u00abA\u00bb VS. El Front\u00f3n<br \/>\nUni\u00f3n VS. Defensores Jrs.<br \/>\nQuilmes VS. Los Vascos<br \/>\nCom&#8217;ciones VS. Mercedes<br \/>\nJuventud VS. Pabell\u00f3n Arg.<br \/>\nEstudiantes VS. V\u00e9lez Sarsfield<\/p>\n<blockquote><p><strong>FECHA 3<\/strong><\/p><\/blockquote>\n<p>Pabell\u00f3n Arg. VS. Com&#8217;ciones<br \/>\nMercedes VS. Quilmes<br \/>\nLos Vascos VS. Uni\u00f3n<br \/>\nDefensores Jrs. VS. Mercedes \u00abA\u00bb<br \/>\nEl Front\u00f3n VS. Los Palometas<br \/>\nAteneo VS. Estudiantes<br \/>\nV\u00e9lez Sarsfield VS. Juventud<\/p>\n<blockquote><p><strong>FECHA 4<\/strong><\/p><\/blockquote>\n<p>Estudiantes VS. El Front\u00f3n<br \/>\nLos Palometas VS. Defensores Jrs.<br \/>\nMercedes \u00abA\u00bb VS. Los Vascos<br \/>\nUni\u00f3n VS. Mercedes<br \/>\nQuilmes VS. Pabell\u00f3n Arg.<br \/>\nCom&#8217;ciones VS. Juventud<br \/>\nAteneo VS. V\u00e9lez Sarsfield<\/p>\n<blockquote><p><strong>FECHA 5<\/strong><\/p><\/blockquote>\n<p>Juventud VS. Quilmes<br \/>\nPabell\u00f3n Arg. VS. Uni\u00f3n<br \/>\nMercedes VS. Mercedes \u00abA\u00bb<br \/>\nLos Vascos VS. Los Palometas<br \/>\nDefensores Jrs. VS. Estudiantes<br \/>\nEl Front\u00f3n VS. Ateneo<br \/>\nV\u00e9lez Sarsfield VS. Com&#8217;ciones<\/p>\n<blockquote><p><strong>FECHA 6<\/strong><\/p><\/blockquote>\n<p>Ateneo VS. Defensores Jrs.<br \/>\nEstudiantes VS. Los Vascos<br \/>\nLos Palometas Jrs VS. Mercedes<br \/>\nMercedes \u00abA\u00bb VS. Pabell\u00f3n Arg.<br \/>\nUni\u00f3n VS. Juventud<br \/>\nQuilmes VS. Com&#8217;ciones<br \/>\nEl Front\u00f3n VS. V\u00e9lez Sarsfield<\/p>\n<blockquote><p><strong>FECHA 7<\/strong><\/p><\/blockquote>\n<p>Com&#8217;ciones VS. Uni\u00f3n<br \/>\nJuventud VS. Mercedes \u00abA\u00bb<br \/>\nPabell\u00f3n Arg. VS. Los Palometas<br \/>\nMercedes VS. Estudiantes<br \/>\nLos Vascos VS. Ateneo<br \/>\nDefensores Jrs. VS. El Front\u00f3n<br \/>\nV\u00e9lez Sarsfield\tVS. Quilmes<\/p>\n<blockquote><p><strong>FECHA 8<\/strong><\/p><\/blockquote>\n<p>El Front\u00f3n VS. Los Vascos<br \/>\nAteneo VS. Mercedes<br \/>\nEstudiantes VS. Pabell\u00f3n Arg.<br \/>\nLos Palometas VS. Juventud<br \/>\nMercedes \u00abA\u00bb VS. Com&#8217;ciones<br \/>\nUni\u00f3n VS. Quilmes<br \/>\nDefensores Jrs. VS. V\u00e9lez Sarsfield<\/p>\n<blockquote><p><strong>FECHA 9<\/strong><\/p><\/blockquote>\n<p>Quilmes VS. Mercedes \u00abA\u00bb<br \/>\nCom&#8217;ciones VS. Los Palometas<br \/>\nJuventud VS. Estudiantes<br \/>\nPabell\u00f3n Arg. VS. Ateneo<br \/>\nMercedes VS. El Front\u00f3n<br \/>\nLos Vascos VS. Defensores Jrs.<br \/>\nV\u00e9lez Sarsfield VS. Uni\u00f3n<\/p>\n<blockquote><p><strong>FECHA 10<\/strong><\/p><\/blockquote>\n<p>Defensores Jrs. VS. Mercedes<br \/>\nEl Front\u00f3n VS. Pabell\u00f3n Arg.<br \/>\nAteneo VS. Juventud<br \/>\nEstudiantes VS. Com&#8217;ciones<br \/>\nLos Palometas VS. Quilmes<br \/>\nMercedes \u00abA\u00bb VS. Uni\u00f3n<br \/>\nLos Vascos VS. V\u00e9lez Sarsfield<\/p>\n<blockquote><p><strong>FECHA 11<\/strong><\/p><\/blockquote>\n<p>Uni\u00f3n VS. Los Palometas<br \/>\nQuilmes VS. Estudiantes<br \/>\nCom&#8217;ciones VS. Ateneo<br \/>\nJuventud VS. El Front\u00f3n<br \/>\nPabell\u00f3n Arg. VS. Defensores Jrs.<br \/>\nMercedes VS. Los Vascos<br \/>\nV\u00e9lez Sarsfield VS. Mercedes \u00abA\u00bb<\/p>\n<blockquote><p><strong>FECHA 12<\/strong><\/p><\/blockquote>\n<p>Los Vascos VS. Pabell\u00f3n Arg.<br \/>\nDefensores Jrs. VS. Juventud<br \/>\nEl Front\u00f3n VS. Com&#8217;ciones<br \/>\nAteneo VS. Quilmes<br \/>\nEstudiantes VS. Uni\u00f3n<br \/>\nLos Palometas VS. Mercedes \u00abA\u00bb<br \/>\nMercedes VS. V\u00e9lez Sarsfield<\/p>\n<blockquote><p><strong>FECHA 13<\/strong><\/p><\/blockquote>\n<p>Mercedes \u00abA\u00bb VS. Estudiantes<br \/>\nUni\u00f3n VS. Ateneo<br \/>\nQuilmes VS. El Front\u00f3n<br \/>\nCom&#8217;ciones VS. Defensores Jrs.<br \/>\nJuventud VS. Los Vascos<br \/>\nPabell\u00f3n Arg. VS. Mercedes<br \/>\nV\u00e9lez Sarsfield\tVS. Los Palometas<\/p>\n","protected":false},"excerpt":{"rendered":"<p>FECHA 1 Mercedes VS. Juventud Los Vascos VS. Com&#8217;ciones Defensores Jrs. VS. Quilmes El Front\u00f3n VS. Uni\u00f3n Ateneo VS. Mercedes \u00abA\u00bb Estudiantes VS. Los Palometas V\u00e9lez Sarsfield VS. Pabell\u00f3n Arg. FECHA 2 Los Palometas VS. Ateneo Mercedes \u00abA\u00bb VS. El Front\u00f3n Uni\u00f3n VS. Defensores Jrs. Quilmes VS. Los Vascos Com&#8217;ciones VS. Mercedes Juventud VS. Pabell\u00f3n Arg. Estudiantes VS. V\u00e9lez Sarsfield<\/p>\n","protected":false},"author":2,"featured_media":0,"comment_status":"open","ping_status":"open","sticky":false,"template":"","format":"standard","meta":{"footnotes":""},"categories":[4],"tags":[],"class_list":["post-16242","post","type-post","status-publish","format-standard","hentry","category-informaciongeneral"],"_links":{"self":[{"href":"https:\/\/ligamercedina.com\/web\/wp-json\/wp\/v2\/posts\/16242","targetHints":{"allow":["GET"]}}],"collection":[{"href":"https:\/\/ligamercedina.com\/web\/wp-json\/wp\/v2\/posts"}],"about":[{"href":"https:\/\/ligamercedina.com\/web\/wp-json\/wp\/v2\/types\/post"}],"author":[{"embeddable":true,"href":"https:\/\/ligamercedina.com\/web\/wp-json\/wp\/v2\/users\/2"}],"replies":[{"embeddable":true,"href":"https:\/\/ligamercedina.com\/web\/wp-json\/wp\/v2\/comments?post=16242"}],"version-history":[{"count":3,"href":"https:\/\/ligamercedina.com\/web\/wp-json\/wp\/v2\/posts\/16242\/revisions"}],"predecessor-version":[{"id":16267,"href":"https:\/\/ligamercedina.com\/web\/wp-json\/wp\/v2\/posts\/16242\/revisions\/16267"}],"wp:attachment":[{"href":"https:\/\/ligamercedina.com\/web\/wp-json\/wp\/v2\/media?parent=16242"}],"wp:term":[{"taxonomy":"category","embeddable":true,"href":"https:\/\/ligamercedina.com\/web\/wp-json\/wp\/v2\/categories?post=16242"},{"taxonomy":"post_tag","embeddable":true,"href":"https:\/\/ligamercedina.com\/web\/wp-json\/wp\/v2\/tags?post=16242"}],"curies":[{"name":"wp","href":"https:\/\/api.w.org\/{rel}","templated":true}]}}