{"id":16239,"date":"2016-03-01T00:04:06","date_gmt":"2016-03-01T03:04:06","guid":{"rendered":"https:\/\/ligamercedina.com\/web\/?p=16239"},"modified":"2016-03-01T00:06:35","modified_gmt":"2016-03-01T03:06:35","slug":"primera-division-se-sorteo-el-fixture","status":"publish","type":"post","link":"https:\/\/ligamercedina.com\/web\/primera-division-se-sorteo-el-fixture\/","title":{"rendered":"PRIMERA DIVISION: SE SORTEO EL FIXTURE"},"content":{"rendered":"<blockquote><p><strong>Fecha 1<\/strong><\/p><\/blockquote>\n<p>V\u00e9lez Sarsfield VS. Pabellon Argentino<br \/>\nLos Palometas VS. Mercedes<br \/>\nEl Front\u00f3n VS. Trocha<br \/>\nCosta Brava VS. El Tim\u00f3n<br \/>\nAteneo VS. Quilmes<br \/>\nSan Marcos VS. Estudiantes<br \/>\n<strong>Libres:<\/strong> Juventud y Comunicaciones<\/p>\n<blockquote><p><strong>Fecha 2<\/strong><\/p><\/blockquote>\n<p>San Marcos VS. V\u00e9lez Sarsfield<br \/>\nEstudiantes VS. Ateneo<br \/>\nQuilmes\tVS. Costa Brava<br \/>\nEl Tim\u00f3n VS. Comunicaciones<br \/>\nJuventud VS. El Front\u00f3n<br \/>\nTrocha VS. Los Palometas<br \/>\nMercedes VS. Pabellon Argentino<\/p>\n<blockquote><p><strong>Fecha 3<\/strong><\/p><\/blockquote>\n<p>V\u00e9lez Sarsfield VS. Mercedes<br \/>\nPabellon VS. Trocha<br \/>\nLos Palometas VS. Juventud<br \/>\nComunicaciones VS. Quilmes<br \/>\nCosta Brava VS. Estudiantes<br \/>\nAteneo VS. San Marcos<br \/>\n<strong>Libre:<\/strong> El Front\u00f3n y El Tim\u00f3n<\/p>\n<blockquote><p><strong>Fecha 4<\/strong><\/p><\/blockquote>\n<p>Ateneo VS. V\u00e9lez Sarsfield<br \/>\nSan Marcos VS. Costa Brava<br \/>\nEstudiantes VS. Comunicaciones<br \/>\nEl Tim\u00f3n VS. El Front\u00f3n<br \/>\nJuventud VS. Pabellon Argentino<br \/>\nTrocha VS. Mercedes<br \/>\n<strong>Libres:<\/strong> Quilmes y Los Palometas<\/p>\n<blockquote><p><strong>Fecha 5<\/strong><\/p><\/blockquote>\n<p>V\u00e9lez Sarsfield VS. Trocha<br \/>\nMercedes VS. Juventud<br \/>\nLos Palometas VS. El Tim\u00f3n<br \/>\nEl Front\u00f3n VS. Quilmes<br \/>\nComunicaciones VS. San Marcos<br \/>\nCosta Brava VS. Ateneo<br \/>\n<strong>Libres:<\/strong> Estudiantes y Pabell\u00f3n Argentino<\/p>\n<blockquote><p><strong>Fecha 6<\/strong><\/p><\/blockquote>\n<p>Costa Brava VS. V\u00e9lez Sarsfield<br \/>\nAteneo VS. Comunicaciones<br \/>\nEstudiantes VS. El Front\u00f3n<br \/>\nQuilmes VS. Los Palometas<br \/>\nEl Tim\u00f3n VS. Pabellon Argentino<br \/>\nJuventud VS. Trocha<br \/>\n<strong>Libres:<\/strong> San Marcos FC y Mercedes<\/p>\n<blockquote><p><strong>Fecha 7<\/strong><\/p><\/blockquote>\n<p>V\u00e9lez Sarsfield VS. Juventud<br \/>\nMercedes VS. El Tim\u00f3n<br \/>\nPabellon Argentino VS. Quilmes<br \/>\nLos Palometas VS. Estudiantes<br \/>\nEl Front\u00f3n VS. San Marcos<br \/>\nComunicaciones VS. Costa Brava<br \/>\n<strong>Libres:<\/strong> Ateneo y Trocha<\/p>\n<blockquote><p><strong>Fecha 8<\/strong><\/p><\/blockquote>\n<p>Comunicaciones VS. V\u00e9lez Sarsfield<br \/>\nAteneo VS. El Front\u00f3n<br \/>\nSan Marcos VS. Los Palometas<br \/>\nEstudiantes VS. Pabellon Argentino<br \/>\nQuilmes VS. Mercedes<br \/>\nEl Tim\u00f3n VS. Trocha<br \/>\n<strong>Libres:<\/strong> Juventud y Costa Brava<\/p>\n<blockquote><p><strong>Fecha 9<\/strong><\/p><\/blockquote>\n<p>Juventud VS. El Tim\u00f3n<br \/>\nTrocha VS. Quilmes<br \/>\nMercedes VS. Estudiantes<br \/>\nPabellon Argentino VS. San Marcos<br \/>\nLos Palometas VS. Ateneo<br \/>\nEl Front\u00f3n VS. Costa Brava<br \/>\n<strong>Libres:<\/strong> Comunicaciones y V\u00e9lez Sarsfield<\/p>\n<blockquote><p><strong>Fecha 10<\/strong><\/p><\/blockquote>\n<p>Comunicaciones VS. El Front\u00f3n<br \/>\nCosta Brava VS. Los Palometas<br \/>\nAteneo VS. Pabellon Argentino<br \/>\nSan Marcos VS. Mercedes<br \/>\nEstudiantes VS. Trocha<br \/>\nQuilmes\tVS. Juventud<br \/>\n<strong>Libres:<\/strong> El Tim\u00f3n y V\u00e9lez<\/p>\n<blockquote><p><strong>Fecha 11<\/strong><\/p><\/blockquote>\n<p>V\u00e9lez Sarsfield\tVS. El Tim\u00f3n<br \/>\nJuventud VS. Estudiantes<br \/>\nTrocha VS. San Marcos<br \/>\nMercedes VS. Ateneo<br \/>\nPabellon Argentino VS. Costa Brava<br \/>\nLos Palometas VS. Comunicaciones<br \/>\n<strong>Libres:<\/strong> El Front\u00f3n y Quilmes<\/p>\n<blockquote><p><strong>Fecha 12<\/strong><\/p><\/blockquote>\n<p>El Front\u00f3n VS. V\u00e9lez Sarsfield<br \/>\nComunicaciones VS. Pabellon Argentino<br \/>\nCosta Brava VS. Mercedes<br \/>\nAteneo VS. Trocha<br \/>\nSan Marcos VS. Juventud<br \/>\nQuilmes VS. El Tim\u00f3n<br \/>\n<strong>Libres:<\/strong> Los Palometas y Estudiantes<\/p>\n<blockquote><p><strong>Fecha 13<\/strong><\/p><\/blockquote>\n<p>V\u00e9lez Sarsfield VS. Quilmes<br \/>\nEl Tim\u00f3n VS. Estudiantes<br \/>\nJuventud VS. Ateneo<br \/>\nTrocha VS. Costa Brava<br \/>\nMercedes VS. Comunicaciones<br \/>\nLos Palometas VS. El Front\u00f3n<br \/>\nLibres: San Marcos FC  y Pabell\u00f3n Argentino<\/p>\n<blockquote><p><strong>Fecha 14<\/strong><\/p><\/blockquote>\n<p>Los Palometas VS. V\u00e9lez Sarsfield<br \/>\nEl Front\u00f3n VS. Pabellon Argentino<br \/>\nComunicaciones VS. Trocha<br \/>\nCosta Brava VS. Juventud<br \/>\nSan Marcos VS. El Tim\u00f3n<br \/>\nEstudiantes VS. Quilmes<br \/>\n<strong>Libres:<\/strong> Mercedes y Ateneo<\/p>\n<blockquote><p><strong>Fecha 15<\/strong><\/p><\/blockquote>\n<p>V\u00e9lez Sarsfield VS. Estudiantes<br \/>\nQuilmes VS. San Marcos<br \/>\nEl Tim\u00f3n VS. Ateneo<br \/>\nJuventud VS. Comunicaciones<br \/>\nMercedes VS. El Front\u00f3n<br \/>\nPabellon Argentino VS. Los Palometas<br \/>\n<strong>Libres:<\/strong> Costa Brava y Trocha<\/p>\n","protected":false},"excerpt":{"rendered":"<p>Fecha 1 V\u00e9lez Sarsfield VS. Pabellon Argentino Los Palometas VS. Mercedes El Front\u00f3n VS. Trocha Costa Brava VS. El Tim\u00f3n Ateneo VS. Quilmes San Marcos VS. Estudiantes Libres: Juventud y Comunicaciones Fecha 2 San Marcos VS. V\u00e9lez Sarsfield Estudiantes VS. Ateneo Quilmes VS. Costa Brava El Tim\u00f3n VS. Comunicaciones Juventud VS. El Front\u00f3n Trocha VS. Los Palometas Mercedes VS. Pabellon<\/p>\n","protected":false},"author":2,"featured_media":0,"comment_status":"open","ping_status":"open","sticky":false,"template":"","format":"standard","meta":{"footnotes":""},"categories":[4],"tags":[],"class_list":["post-16239","post","type-post","status-publish","format-standard","hentry","category-informaciongeneral"],"_links":{"self":[{"href":"https:\/\/ligamercedina.com\/web\/wp-json\/wp\/v2\/posts\/16239","targetHints":{"allow":["GET"]}}],"collection":[{"href":"https:\/\/ligamercedina.com\/web\/wp-json\/wp\/v2\/posts"}],"about":[{"href":"https:\/\/ligamercedina.com\/web\/wp-json\/wp\/v2\/types\/post"}],"author":[{"embeddable":true,"href":"https:\/\/ligamercedina.com\/web\/wp-json\/wp\/v2\/users\/2"}],"replies":[{"embeddable":true,"href":"https:\/\/ligamercedina.com\/web\/wp-json\/wp\/v2\/comments?post=16239"}],"version-history":[{"count":2,"href":"https:\/\/ligamercedina.com\/web\/wp-json\/wp\/v2\/posts\/16239\/revisions"}],"predecessor-version":[{"id":16241,"href":"https:\/\/ligamercedina.com\/web\/wp-json\/wp\/v2\/posts\/16239\/revisions\/16241"}],"wp:attachment":[{"href":"https:\/\/ligamercedina.com\/web\/wp-json\/wp\/v2\/media?parent=16239"}],"wp:term":[{"taxonomy":"category","embeddable":true,"href":"https:\/\/ligamercedina.com\/web\/wp-json\/wp\/v2\/categories?post=16239"},{"taxonomy":"post_tag","embeddable":true,"href":"https:\/\/ligamercedina.com\/web\/wp-json\/wp\/v2\/tags?post=16239"}],"curies":[{"name":"wp","href":"https:\/\/api.w.org\/{rel}","templated":true}]}}