{"id":16149,"date":"2016-02-03T17:19:12","date_gmt":"2016-02-03T20:19:12","guid":{"rendered":"https:\/\/ligamercedina.com\/web\/?p=16149"},"modified":"2016-02-03T19:08:39","modified_gmt":"2016-02-03T22:08:39","slug":"reuniones-en-la-liga-mercedina","status":"publish","type":"post","link":"https:\/\/ligamercedina.com\/web\/reuniones-en-la-liga-mercedina\/","title":{"rendered":"REUNIONES EN LA LIGA MERCEDINA"},"content":{"rendered":"<blockquote><p><strong>La Comisi\u00f3n Directiva de la Liga Mercedina informa que el pasado lunes, en la sede de la C\u00e1mara Econ\u00f3mica Mercedina se llev\u00f3 a cabo una reuni\u00f3n de presidentes de clubes de la ciudad de Mercedes a la fueron invitados el Presidente y Vicepresidente de la Liga, Esteban Marcelo y Jorge Cerfoglio respectivamente.<\/p>\n<p>All\u00ed, durante las casi tres horas que dur\u00f3 el encuentro, algunas de las instituciones que participaron del encuentro pusieron en conocimiento algunas inquietudes de cara al comienzo de la temporada y el f\u00fatbol el general.<\/p>\n<p>De cara a lo que viene, se decidi\u00f3 darle esta continuidad al encuentro, que tendr\u00e1 lugar el pr\u00f3ximo d\u00eda mi\u00e9rcoles 10 a las 20:45 en la sede de la Liga Mercedina, aunque a pedido de los m\u00e1ximos dirigentes de la entidad, el encuentro ser\u00e1 extensivo a todas las instituciones que est\u00e1n afiliadas, tanto de Mercedes como del resto de las localidades.<\/p>\n<p>Vale aclarar, que si bien era una reuni\u00f3n para presidentes de clubes, algunas de las instituciones estuvieron representadas por personas designadas por los clubes.<\/strong><\/p><\/blockquote>\n","protected":false},"excerpt":{"rendered":"<p>La Comisi\u00f3n Directiva de la Liga Mercedina informa que el pasado lunes, en la sede de la C\u00e1mara Econ\u00f3mica Mercedina se llev\u00f3 a cabo una reuni\u00f3n de presidentes de clubes de la ciudad de Mercedes a la fueron invitados el Presidente y Vicepresidente de la Liga, Esteban Marcelo y Jorge Cerfoglio respectivamente. All\u00ed, durante las casi tres horas que dur\u00f3<\/p>\n","protected":false},"author":2,"featured_media":0,"comment_status":"open","ping_status":"open","sticky":false,"template":"","format":"standard","meta":{"footnotes":""},"categories":[4],"tags":[],"class_list":["post-16149","post","type-post","status-publish","format-standard","hentry","category-informaciongeneral"],"_links":{"self":[{"href":"https:\/\/ligamercedina.com\/web\/wp-json\/wp\/v2\/posts\/16149","targetHints":{"allow":["GET"]}}],"collection":[{"href":"https:\/\/ligamercedina.com\/web\/wp-json\/wp\/v2\/posts"}],"about":[{"href":"https:\/\/ligamercedina.com\/web\/wp-json\/wp\/v2\/types\/post"}],"author":[{"embeddable":true,"href":"https:\/\/ligamercedina.com\/web\/wp-json\/wp\/v2\/users\/2"}],"replies":[{"embeddable":true,"href":"https:\/\/ligamercedina.com\/web\/wp-json\/wp\/v2\/comments?post=16149"}],"version-history":[{"count":2,"href":"https:\/\/ligamercedina.com\/web\/wp-json\/wp\/v2\/posts\/16149\/revisions"}],"predecessor-version":[{"id":16153,"href":"https:\/\/ligamercedina.com\/web\/wp-json\/wp\/v2\/posts\/16149\/revisions\/16153"}],"wp:attachment":[{"href":"https:\/\/ligamercedina.com\/web\/wp-json\/wp\/v2\/media?parent=16149"}],"wp:term":[{"taxonomy":"category","embeddable":true,"href":"https:\/\/ligamercedina.com\/web\/wp-json\/wp\/v2\/categories?post=16149"},{"taxonomy":"post_tag","embeddable":true,"href":"https:\/\/ligamercedina.com\/web\/wp-json\/wp\/v2\/tags?post=16149"}],"curies":[{"name":"wp","href":"https:\/\/api.w.org\/{rel}","templated":true}]}}