{"id":16028,"date":"2015-12-17T14:05:03","date_gmt":"2015-12-17T17:05:03","guid":{"rendered":"https:\/\/ligamercedina.com\/web\/?p=16028"},"modified":"2015-12-17T14:05:03","modified_gmt":"2015-12-17T17:05:03","slug":"infanto-juvenil-clubes-aprueban-finalizar-el-clausura-en-2016","status":"publish","type":"post","link":"https:\/\/ligamercedina.com\/web\/infanto-juvenil-clubes-aprueban-finalizar-el-clausura-en-2016\/","title":{"rendered":"INFANTO-JUVENIL: CLUBES APRUEBAN FINALIZAR EL CLAUSURA EN 2016"},"content":{"rendered":"<p><strong>En la noche del mi\u00e9rcoles, en la sede de la Liga Mercedina se llev\u00f3 a cabo una reuni\u00f3n de delegados, la cual fue presidida por el vicepresidente de la Liga Jorge Cerfoglio.<\/p>\n<p>Tras analizar distintas variantes y por votaci\u00f3n, se decidi\u00f3 que el torneo Clausura actual finalice en el mes de marzo de 2016, jug\u00e1ndose los d\u00edas s\u00e1bados 5, 12 y 19 de marzo.<\/p>\n<p>Para tal fin, cada categor\u00eda podr\u00eda incorporar hasta 3 jugadores.<br \/>\nPor otra parte, se defini\u00f3 que el Apertura 2016 de comienzo el primer s\u00e1bado de abril de 2016<\/strong><\/p>\n","protected":false},"excerpt":{"rendered":"<p>En la noche del mi\u00e9rcoles, en la sede de la Liga Mercedina se llev\u00f3 a cabo una reuni\u00f3n de delegados, la cual fue presidida por el vicepresidente de la Liga Jorge Cerfoglio. Tras analizar distintas variantes y por votaci\u00f3n, se decidi\u00f3 que el torneo Clausura actual finalice en el mes de marzo de 2016, jug\u00e1ndose los d\u00edas s\u00e1bados 5, 12<\/p>\n","protected":false},"author":2,"featured_media":0,"comment_status":"open","ping_status":"open","sticky":false,"template":"","format":"standard","meta":{"footnotes":""},"categories":[4],"tags":[],"class_list":["post-16028","post","type-post","status-publish","format-standard","hentry","category-informaciongeneral"],"_links":{"self":[{"href":"https:\/\/ligamercedina.com\/web\/wp-json\/wp\/v2\/posts\/16028","targetHints":{"allow":["GET"]}}],"collection":[{"href":"https:\/\/ligamercedina.com\/web\/wp-json\/wp\/v2\/posts"}],"about":[{"href":"https:\/\/ligamercedina.com\/web\/wp-json\/wp\/v2\/types\/post"}],"author":[{"embeddable":true,"href":"https:\/\/ligamercedina.com\/web\/wp-json\/wp\/v2\/users\/2"}],"replies":[{"embeddable":true,"href":"https:\/\/ligamercedina.com\/web\/wp-json\/wp\/v2\/comments?post=16028"}],"version-history":[{"count":1,"href":"https:\/\/ligamercedina.com\/web\/wp-json\/wp\/v2\/posts\/16028\/revisions"}],"predecessor-version":[{"id":16029,"href":"https:\/\/ligamercedina.com\/web\/wp-json\/wp\/v2\/posts\/16028\/revisions\/16029"}],"wp:attachment":[{"href":"https:\/\/ligamercedina.com\/web\/wp-json\/wp\/v2\/media?parent=16028"}],"wp:term":[{"taxonomy":"category","embeddable":true,"href":"https:\/\/ligamercedina.com\/web\/wp-json\/wp\/v2\/categories?post=16028"},{"taxonomy":"post_tag","embeddable":true,"href":"https:\/\/ligamercedina.com\/web\/wp-json\/wp\/v2\/tags?post=16028"}],"curies":[{"name":"wp","href":"https:\/\/api.w.org\/{rel}","templated":true}]}}