{"id":16013,"date":"2015-12-13T14:23:27","date_gmt":"2015-12-13T17:23:27","guid":{"rendered":"https:\/\/ligamercedina.com\/web\/?p=16013"},"modified":"2015-12-13T14:24:59","modified_gmt":"2015-12-13T17:24:59","slug":"infanto-juvenil-sin-actividad","status":"publish","type":"post","link":"https:\/\/ligamercedina.com\/web\/infanto-juvenil-sin-actividad\/","title":{"rendered":"INFANTO &#8211; JUVENIL SIN ACTIVIDAD"},"content":{"rendered":"<blockquote><p><strong>Se informa a los clubes afiliados que en relaci\u00f3n a la continuidad de los torneos de divisiones inferiores (Infantil y Juvenil), durante el d\u00eda s\u00e1bado se estuvo consultando sobre la continuidad de los cert\u00e1menes, a distintos delegados.<br \/>\nEn relaci\u00f3n a esto, hubo distintas posiciones, varias de ellas encontradas, sobre todo en la imposibilidad de jugar encuentros entre semana.<br \/>\nA partir de esto se informa que los partidos entre Quilmes &#8211; Uni\u00f3n y Defensores &#8211; Mercedes \u00abA\u00bb que estaban programados para lunes y martes est\u00e1n postergados; y entre hoy domingo por la tarde y lunes se definir\u00e1 la realizaci\u00f3n de una reuni\u00f3n, a realizarse  martes o mi\u00e9rcoles.<br \/>\nSe agrega que uno de los clubes afiliados tambi\u00e9n dej\u00f3 sentada la moci\u00f3n de continuar la temporada antes del arranque del Apertura 2016.<\/strong><\/p><\/blockquote>\n","protected":false},"excerpt":{"rendered":"<p>Se informa a los clubes afiliados que en relaci\u00f3n a la continuidad de los torneos de divisiones inferiores (Infantil y Juvenil), durante el d\u00eda s\u00e1bado se estuvo consultando sobre la continuidad de los cert\u00e1menes, a distintos delegados. En relaci\u00f3n a esto, hubo distintas posiciones, varias de ellas encontradas, sobre todo en la imposibilidad de jugar encuentros entre semana. A partir<\/p>\n","protected":false},"author":2,"featured_media":0,"comment_status":"open","ping_status":"open","sticky":false,"template":"","format":"standard","meta":{"footnotes":""},"categories":[4],"tags":[],"class_list":["post-16013","post","type-post","status-publish","format-standard","hentry","category-informaciongeneral"],"_links":{"self":[{"href":"https:\/\/ligamercedina.com\/web\/wp-json\/wp\/v2\/posts\/16013","targetHints":{"allow":["GET"]}}],"collection":[{"href":"https:\/\/ligamercedina.com\/web\/wp-json\/wp\/v2\/posts"}],"about":[{"href":"https:\/\/ligamercedina.com\/web\/wp-json\/wp\/v2\/types\/post"}],"author":[{"embeddable":true,"href":"https:\/\/ligamercedina.com\/web\/wp-json\/wp\/v2\/users\/2"}],"replies":[{"embeddable":true,"href":"https:\/\/ligamercedina.com\/web\/wp-json\/wp\/v2\/comments?post=16013"}],"version-history":[{"count":2,"href":"https:\/\/ligamercedina.com\/web\/wp-json\/wp\/v2\/posts\/16013\/revisions"}],"predecessor-version":[{"id":16015,"href":"https:\/\/ligamercedina.com\/web\/wp-json\/wp\/v2\/posts\/16013\/revisions\/16015"}],"wp:attachment":[{"href":"https:\/\/ligamercedina.com\/web\/wp-json\/wp\/v2\/media?parent=16013"}],"wp:term":[{"taxonomy":"category","embeddable":true,"href":"https:\/\/ligamercedina.com\/web\/wp-json\/wp\/v2\/categories?post=16013"},{"taxonomy":"post_tag","embeddable":true,"href":"https:\/\/ligamercedina.com\/web\/wp-json\/wp\/v2\/tags?post=16013"}],"curies":[{"name":"wp","href":"https:\/\/api.w.org\/{rel}","templated":true}]}}