{"id":16005,"date":"2015-12-11T23:54:56","date_gmt":"2015-12-12T02:54:56","guid":{"rendered":"https:\/\/ligamercedina.com\/web\/?p=16005"},"modified":"2015-12-11T23:54:56","modified_gmt":"2015-12-12T02:54:56","slug":"reserva-sabado-de-semifinales","status":"publish","type":"post","link":"https:\/\/ligamercedina.com\/web\/reserva-sabado-de-semifinales\/","title":{"rendered":"RESERVA: SABADO DE SEMIFINALES"},"content":{"rendered":"<p><em><strong>S\u00e1bado 12 de diciembre, cancha Liga Mercedina<\/strong><\/em><br \/>\n17:30 hs. Comunicaciones Vs. Mercedes<br \/>\n<strong>Arbitro:<\/strong> Eduardo Aguirre<\/p>\n<p><em><strong>S\u00e1bado 12 de diciembre, cancha El Front\u00f3n<\/strong><\/em><br \/>\n18 hs. El Front\u00f3n Vs. Juventud<br \/>\n<strong>Arbitro:<\/strong> Mariano Marcelo<\/p>\n","protected":false},"excerpt":{"rendered":"<p>S\u00e1bado 12 de diciembre, cancha Liga Mercedina 17:30 hs. Comunicaciones Vs. Mercedes Arbitro: Eduardo Aguirre S\u00e1bado 12 de diciembre, cancha El Front\u00f3n 18 hs. El Front\u00f3n Vs. Juventud Arbitro: Mariano Marcelo<\/p>\n","protected":false},"author":2,"featured_media":0,"comment_status":"open","ping_status":"open","sticky":false,"template":"","format":"standard","meta":{"footnotes":""},"categories":[4],"tags":[],"class_list":["post-16005","post","type-post","status-publish","format-standard","hentry","category-informaciongeneral"],"_links":{"self":[{"href":"https:\/\/ligamercedina.com\/web\/wp-json\/wp\/v2\/posts\/16005","targetHints":{"allow":["GET"]}}],"collection":[{"href":"https:\/\/ligamercedina.com\/web\/wp-json\/wp\/v2\/posts"}],"about":[{"href":"https:\/\/ligamercedina.com\/web\/wp-json\/wp\/v2\/types\/post"}],"author":[{"embeddable":true,"href":"https:\/\/ligamercedina.com\/web\/wp-json\/wp\/v2\/users\/2"}],"replies":[{"embeddable":true,"href":"https:\/\/ligamercedina.com\/web\/wp-json\/wp\/v2\/comments?post=16005"}],"version-history":[{"count":1,"href":"https:\/\/ligamercedina.com\/web\/wp-json\/wp\/v2\/posts\/16005\/revisions"}],"predecessor-version":[{"id":16006,"href":"https:\/\/ligamercedina.com\/web\/wp-json\/wp\/v2\/posts\/16005\/revisions\/16006"}],"wp:attachment":[{"href":"https:\/\/ligamercedina.com\/web\/wp-json\/wp\/v2\/media?parent=16005"}],"wp:term":[{"taxonomy":"category","embeddable":true,"href":"https:\/\/ligamercedina.com\/web\/wp-json\/wp\/v2\/categories?post=16005"},{"taxonomy":"post_tag","embeddable":true,"href":"https:\/\/ligamercedina.com\/web\/wp-json\/wp\/v2\/tags?post=16005"}],"curies":[{"name":"wp","href":"https:\/\/api.w.org\/{rel}","templated":true}]}}