{"id":15979,"date":"2015-12-11T15:09:41","date_gmt":"2015-12-11T18:09:41","guid":{"rendered":"https:\/\/ligamercedina.com\/web\/?p=15979"},"modified":"2015-12-11T15:09:41","modified_gmt":"2015-12-11T18:09:41","slug":"infanto-juvenil-con-novedades-para-el-fin-de-semana","status":"publish","type":"post","link":"https:\/\/ligamercedina.com\/web\/infanto-juvenil-con-novedades-para-el-fin-de-semana\/","title":{"rendered":"INFANTO &#8211; JUVENIL CON NOVEDADES PARA EL FIN DE SEMANA"},"content":{"rendered":"<blockquote><p><strong>Se informa a los clubes afiliados que en la tarde de este viernes, que atento a las altas temperaturas que se est\u00e1n dando en Mercedes y en toda la regi\u00f3n, la Liga Mercedina definir\u00e1 la situaci\u00f3n de los partidos a jugarse entre s\u00e1bado y domingo.<br \/>\nSe adelanta que los partidos que deb\u00edan jugar los equipos de Defensores Juniors y Mercedes \u00abA\u00bb en f\u00fatbol Juvenil han sido reprogramados para el pr\u00f3ximo martes, desde las 18 horas.<br \/>\nAsimismo, est\u00e1n postergados (de com\u00fan acuerdo) los encuentros entre Quilmes y Uni\u00f3n, mientras que El Front\u00f3n &#8211; Quilmes y Los Palometas &#8211; Estudiantes jugaron partidos ayer jueves y continuar\u00e1n esta noche.<\/strong><\/p><\/blockquote>\n","protected":false},"excerpt":{"rendered":"<p>Se informa a los clubes afiliados que en la tarde de este viernes, que atento a las altas temperaturas que se est\u00e1n dando en Mercedes y en toda la regi\u00f3n, la Liga Mercedina definir\u00e1 la situaci\u00f3n de los partidos a jugarse entre s\u00e1bado y domingo. Se adelanta que los partidos que deb\u00edan jugar los equipos de Defensores Juniors y Mercedes<\/p>\n","protected":false},"author":2,"featured_media":0,"comment_status":"open","ping_status":"open","sticky":false,"template":"","format":"standard","meta":{"footnotes":""},"categories":[4],"tags":[],"class_list":["post-15979","post","type-post","status-publish","format-standard","hentry","category-informaciongeneral"],"_links":{"self":[{"href":"https:\/\/ligamercedina.com\/web\/wp-json\/wp\/v2\/posts\/15979","targetHints":{"allow":["GET"]}}],"collection":[{"href":"https:\/\/ligamercedina.com\/web\/wp-json\/wp\/v2\/posts"}],"about":[{"href":"https:\/\/ligamercedina.com\/web\/wp-json\/wp\/v2\/types\/post"}],"author":[{"embeddable":true,"href":"https:\/\/ligamercedina.com\/web\/wp-json\/wp\/v2\/users\/2"}],"replies":[{"embeddable":true,"href":"https:\/\/ligamercedina.com\/web\/wp-json\/wp\/v2\/comments?post=15979"}],"version-history":[{"count":1,"href":"https:\/\/ligamercedina.com\/web\/wp-json\/wp\/v2\/posts\/15979\/revisions"}],"predecessor-version":[{"id":15980,"href":"https:\/\/ligamercedina.com\/web\/wp-json\/wp\/v2\/posts\/15979\/revisions\/15980"}],"wp:attachment":[{"href":"https:\/\/ligamercedina.com\/web\/wp-json\/wp\/v2\/media?parent=15979"}],"wp:term":[{"taxonomy":"category","embeddable":true,"href":"https:\/\/ligamercedina.com\/web\/wp-json\/wp\/v2\/categories?post=15979"},{"taxonomy":"post_tag","embeddable":true,"href":"https:\/\/ligamercedina.com\/web\/wp-json\/wp\/v2\/tags?post=15979"}],"curies":[{"name":"wp","href":"https:\/\/api.w.org\/{rel}","templated":true}]}}