{"id":15972,"date":"2015-12-09T23:25:38","date_gmt":"2015-12-10T02:25:38","guid":{"rendered":"https:\/\/ligamercedina.com\/web\/?p=15972"},"modified":"2015-12-09T23:55:14","modified_gmt":"2015-12-10T02:55:14","slug":"infanto-juvenil-resultados-fecha-10-2","status":"publish","type":"post","link":"https:\/\/ligamercedina.com\/web\/infanto-juvenil-resultados-fecha-10-2\/","title":{"rendered":"INFANTO-JUVENIL: RESULTADOS FECHA 10"},"content":{"rendered":"<blockquote><p><strong>ATENEO &#8211; MERCEDES<\/strong><\/p><\/blockquote>\n<p>Categor\u00eda 2006: <strong>1<\/strong> (Mateo Murari) &#8211; <strong>0<\/strong><br \/>\nCategor\u00eda 2005: <strong>1<\/strong> (Valentino Cassareto) &#8211; <strong>0<\/strong><br \/>\nCategor\u00eda 2004: <strong>3<\/strong> (Felipe Aschero, Santino Basualdo, Fidel Laurino) &#8211; <strong>2<\/strong> (Bautista Bessega, Sergio Gumarelli)<br \/>\nCategor\u00eda 2003: <strong>1<\/strong> (Agust\u00edn Fern\u00e1ndez) &#8211; <strong>3<\/strong> (Franco Garetto 3)<br \/>\nCategor\u00eda 2002: <strong>1<\/strong> (Tom\u00e1s Deluca) &#8211; <strong>1<\/strong> (Leandro Amado)<br \/>\nCategor\u00eda 2001: <strong>2<\/strong> (Joaqu\u00edn Garc\u00eda, Tom\u00e1s Landeyra) &#8211; <strong>0<\/strong><br \/>\nCategor\u00eda 2000: <strong>0 &#8211; 6<\/strong> (Nicol\u00e1s Manzur, Laureano Torres, Mart\u00edn Vega 2, Mart\u00edn Zuleta 2)<br \/>\nCategor\u00eda 99\/98: <strong>0 &#8211; 3<\/strong> (Francisco Silvestre, Lucas Valenzuela 2)<\/p>\n<blockquote><p><strong>PABELLON ARGENTINO &#8211; COMUNICACIONES<\/strong><\/p><\/blockquote>\n<p>Categor\u00eda 2003: <strong>5<\/strong> (Bautista Alvarez, Alan Cabrera, Valent\u00edn C\u00e1ceres, Joaqu\u00edn G\u00f3mez, Gast\u00f3n Ibarra)- <strong>1<\/strong> (Javier De Cicco)<br \/>\nCategor\u00eda 2002: <strong>2<\/strong> (Thom\u00e1s Acevedo, Joaqu\u00edn Chiesa) &#8211; <strong>0<\/strong><br \/>\nCategor\u00eda 2001: <strong>2 &#8211; <\/strong>1<br \/>\nCategor\u00eda 2000: <strong>5<\/strong> (Gast\u00f3n Bianchi, Pedro Blanco, Juan Castellano, Mariano Iriondo, Bautista Olgiati) &#8211; <strong>0<\/strong><br \/>\nCategor\u00eda 99\/98: <strong>6<\/strong> (Kevin An\u00edbal 3, Leandro Pascual, Juli\u00e1n Ram\u00edrez, Tiago Urue\u00f1a) &#8211; <strong>0<\/strong><\/p>\n<blockquote><p><strong>JUVENTUD &#8211; LOS PALOMETAS<\/strong><\/p><\/blockquote>\n<p>Categor\u00eda 2006: <strong>6<\/strong> (Guillermo Beltr\u00e1n, Eliseo Camacho, Mateo Manfredi, Thiago Perroni, Tiziano Romagnoli 2) &#8211; <strong>0<\/strong><br \/>\nCategor\u00eda 2005: <strong>7<\/strong> (Antonio Di Polvore 2, Marcos Garc\u00eda, Roberto Mansilla, Thom\u00e1s Rold\u00e1n, Tob\u00edas Su\u00e1rez 2) &#8211; <strong>0<\/strong><br \/>\nCategor\u00eda 2004: <strong>1<\/strong> (Mateo Escudero) &#8211; <strong>0<\/strong><br \/>\nCategor\u00eda 2003: <strong>4<\/strong> (Felipe Lena\u00edn, Agust\u00edn S\u00e1nchez 3) &#8211; <strong>0<\/strong><br \/>\nCategor\u00eda 2002: <strong>3<\/strong> (Joaqu\u00edn Bondaz 2, Pedro G\u00f3mez) &#8211; <strong>0<\/strong><br \/>\nCategor\u00eda 99\/98: <strong>3<\/strong> (Estanislao Goyeneche, Mateo Zoni 2) &#8211; 0<\/p>\n<blockquote><p><strong>ESTUDIANTES &#8211; UNION<\/strong><\/p><\/blockquote>\n<p>Categor\u00eda 2006: <strong>0 &#8211; 0<\/strong><br \/>\nCategor\u00eda 2005: <strong>1<\/strong> (Franco Adorno) &#8211; <strong>0<\/strong><br \/>\nCategor\u00eda 2004: <strong>1<\/strong> (Tob\u00edas Botta) &#8211; <strong>0<\/strong><br \/>\nCategor\u00eda 2003: <strong>2<\/strong> (Ulises Ram\u00edrez 2) &#8211; <strong>3<\/strong> (Nahuel D\u00edaz, Jerem\u00edas D\u00edaz 2)<br \/>\nCategor\u00eda 2002: <strong>1<\/strong> (Lucas Manfr\u00edas) &#8211; <strong>0<\/strong><br \/>\nCategor\u00eda 2001: <strong>2<\/strong> (Gonzalo Balvidares 2) &#8211; <strong>0<\/strong><br \/>\nCategor\u00eda 2000: <strong>1<\/strong> (Nicol\u00e1s Rivera) &#8211; <strong>0<\/strong><br \/>\nCategor\u00eda 99\/98: <strong>0 &#8211; 2<\/strong> (Nicol\u00e1s Gonz\u00e1lez, Juli\u00e1n L\u00f3pez)<\/p>\n<blockquote><p><strong>VELEZ &#8211; EL FRONTON<\/strong><\/p><\/blockquote>\n<p>Categor\u00eda 2006: <strong>0 &#8211; 5<\/strong> (L\u00e1zaro Rosales 2, Joaqu\u00edn Yaben 3)<br \/>\nCategor\u00eda 2005: <strong>0 &#8211; 0<\/strong><br \/>\nCategor\u00eda 2004: <strong>0 &#8211; 3<\/strong> (Nazareno Arce, Augusto Rossi, L\u00e1zaro Sosa)<br \/>\nCategor\u00eda 2003: <strong>1<\/strong> (Alexander Pardo) &#8211; <strong>2<\/strong> (Bruno G\u00f3mez 2)<br \/>\nCategor\u00eda 2002: <strong>0 &#8211; 5<\/strong> (Joaqu\u00edn Di Battista, Homero Gelves 2, Amilcar R\u00edos 2)<br \/>\nCategor\u00eda 2001: <strong>0 &#8211; 4<\/strong> (Iv\u00e1n Amdor, Santiago Crossetti 2, Federico Mart\u00ednez)<br \/>\nCategor\u00eda 2000: <strong>3<\/strong> (Guillermo Benedetti, Enzo Parada, Isa\u00edas Vicentela) &#8211; <strong>0<\/strong><br \/>\nCategor\u00eda 99\/98: <strong>1<\/strong> (Claudio Toledo) &#8211; <strong>3<\/strong> (Federico Dinardi, Franco Ladebesse, Alfonso Yacoy)<\/p>\n<blockquote><p><strong>QUILMES &#8211; DEFENSORES JUNIORS<\/strong><\/p><\/blockquote>\n<p>Categor\u00eda 2006: <strong>1<\/strong> (Thiago L\u00f3pez) &#8211; <strong>2<\/strong> (Danilo Leguizam\u00f3n, El\u00edas Villagra)<br \/>\nCategor\u00eda 2005: <strong>0 &#8211; 0<\/strong><br \/>\nCategor\u00eda 2004: <strong>1<\/strong> (Joaqu\u00edn Guzm\u00e1n) &#8211; <strong>0<\/strong><br \/>\nCategor\u00eda 2003: <strong>4<\/strong> (Santiago Blanco, Emiliano Buscalia, Juan Dagnino, Luka Tello) &#8211; <strong>0<\/strong><br \/>\nCategor\u00eda 2002: <strong>0 &#8211; 0<\/strong><br \/>\nCategor\u00eda 2000: <strong>1<\/strong> (Felipe Garavano) &#8211; <strong>0<\/strong><\/p>\n<blockquote><p><strong>MERCEDES \u00abA\u00bb &#8211; UNION CARME\u00d1A<\/strong><\/p><\/blockquote>\n<p>Categor\u00eda 2006: Juegan este jueves<br \/>\nCategor\u00eda 2005: Juegan este jueves<br \/>\nCategor\u00eda 2004: <strong>2<\/strong> (Franco Lima, Robertino Tamagno) &#8211; <strong>3<\/strong> (Tom\u00e1s Avila, Brian Ruvelli, Mateo Vadell)<br \/>\nCategor\u00eda 2003: <strong>3<\/strong> (Fausto Chico, Facundo Rosa, Juan Rubbo) &#8211; <strong>2<\/strong>(Juan P\u00e9rez, Ramiro Vel\u00e1zquez)<br \/>\nCategor\u00eda 2002: <strong>3<\/strong> (Valentino Vitetta 3) &#8211; <strong>0<\/strong><br \/>\nCategor\u00eda 2001: <strong>2<\/strong> (Franco Novo, Lucas Ramallo) &#8211; <strong>3<\/strong> (Ariel Medina, Ezequiel Messa 2)<br \/>\nCategor\u00eda 2000: <strong>0 &#8211; 0<\/strong><\/p>\n","protected":false},"excerpt":{"rendered":"<p>ATENEO &#8211; MERCEDES Categor\u00eda 2006: 1 (Mateo Murari) &#8211; 0 Categor\u00eda 2005: 1 (Valentino Cassareto) &#8211; 0 Categor\u00eda 2004: 3 (Felipe Aschero, Santino Basualdo, Fidel Laurino) &#8211; 2 (Bautista Bessega, Sergio Gumarelli) Categor\u00eda 2003: 1 (Agust\u00edn Fern\u00e1ndez) &#8211; 3 (Franco Garetto 3) Categor\u00eda 2002: 1 (Tom\u00e1s Deluca) &#8211; 1 (Leandro Amado) Categor\u00eda 2001: 2 (Joaqu\u00edn Garc\u00eda, Tom\u00e1s Landeyra) &#8211; 0<\/p>\n","protected":false},"author":2,"featured_media":0,"comment_status":"open","ping_status":"open","sticky":false,"template":"","format":"standard","meta":{"footnotes":""},"categories":[4],"tags":[],"class_list":["post-15972","post","type-post","status-publish","format-standard","hentry","category-informaciongeneral"],"_links":{"self":[{"href":"https:\/\/ligamercedina.com\/web\/wp-json\/wp\/v2\/posts\/15972","targetHints":{"allow":["GET"]}}],"collection":[{"href":"https:\/\/ligamercedina.com\/web\/wp-json\/wp\/v2\/posts"}],"about":[{"href":"https:\/\/ligamercedina.com\/web\/wp-json\/wp\/v2\/types\/post"}],"author":[{"embeddable":true,"href":"https:\/\/ligamercedina.com\/web\/wp-json\/wp\/v2\/users\/2"}],"replies":[{"embeddable":true,"href":"https:\/\/ligamercedina.com\/web\/wp-json\/wp\/v2\/comments?post=15972"}],"version-history":[{"count":2,"href":"https:\/\/ligamercedina.com\/web\/wp-json\/wp\/v2\/posts\/15972\/revisions"}],"predecessor-version":[{"id":15974,"href":"https:\/\/ligamercedina.com\/web\/wp-json\/wp\/v2\/posts\/15972\/revisions\/15974"}],"wp:attachment":[{"href":"https:\/\/ligamercedina.com\/web\/wp-json\/wp\/v2\/media?parent=15972"}],"wp:term":[{"taxonomy":"category","embeddable":true,"href":"https:\/\/ligamercedina.com\/web\/wp-json\/wp\/v2\/categories?post=15972"},{"taxonomy":"post_tag","embeddable":true,"href":"https:\/\/ligamercedina.com\/web\/wp-json\/wp\/v2\/tags?post=15972"}],"curies":[{"name":"wp","href":"https:\/\/api.w.org\/{rel}","templated":true}]}}