{"id":15957,"date":"2015-12-08T22:20:46","date_gmt":"2015-12-09T01:20:46","guid":{"rendered":"https:\/\/ligamercedina.com\/web\/?p=15957"},"modified":"2015-12-11T16:05:44","modified_gmt":"2015-12-11T19:05:44","slug":"infanto-juvenil-horarios-para-fechas-11-y-12","status":"publish","type":"post","link":"https:\/\/ligamercedina.com\/web\/infanto-juvenil-horarios-para-fechas-11-y-12\/","title":{"rendered":"INFANTO-JUVENIL: HORARIOS PARA FECHAS 11 Y 12"},"content":{"rendered":"<blockquote><p><strong>FECHA 11 -Arranca este jueves-<\/strong><\/p><\/blockquote>\n<p><strong>INFANTIL<\/strong><br \/>\n<em><strong>S\u00e1bado 12 de diciembre<\/strong><\/em><br \/>\nUni\u00f3n Carme\u00f1a Vs. Ateneo, Uni\u00f3n Vs. V\u00e9lez, Comunicaciones Vs. Juventud.<br \/>\n16:00 hs. Categor\u00eda Promocional<br \/>\n17:00 hs. Categor\u00eda 2006<br \/>\n18:00 hs. Categor\u00eda 2005<\/p>\n<p>Defensores Jrs. Vs. Mercedes A\u201d<br \/>\n15:00 hs. Categor\u00eda Promocional<br \/>\n16:00 hs. Categor\u00eda 2006<br \/>\n17:00 hs. Categor\u00eda 2005<\/p>\n<p><strong>JUVENIL<\/strong><br \/>\n<em><strong>S\u00e1bado 12 de diciembre<\/strong><\/em><br \/>\nUni\u00f3n Carme\u00f1a Vs. Ateneo, Uni\u00f3n Vs. V\u00e9lez<br \/>\n11:00 hs. Categor\u00eda 2002<br \/>\n12:15 hs. Categor\u00eda 2001<br \/>\n13:30 hs. Categor\u00eda 2000<br \/>\n14:45 hs. Categor\u00eda 99\/98<br \/>\n16:15 hs. Categor\u00eda 2004<br \/>\n17:30 hs. Categor\u00eda 2003<\/p>\n<p>Comunicaciones Vs. Juventud<br \/>\n10:00 hs. Categor\u00eda 2002<br \/>\n11:15 hs. Categor\u00eda 2001<br \/>\n12:30 hs. Categor\u00eda 98\/99<br \/>\n14:00 hs. Categor\u00eda 2000<br \/>\n15:15 hs. Categor\u00eda 2004<br \/>\n16:30 hs. Categor\u00eda 2003<\/p>\n<p>Mercedes Vs. Pabell\u00f3n Argentino<br \/>\n10:00 hs. Categor\u00eda 2002<br \/>\n11:15 hs. Categor\u00eda 2000<br \/>\n12:30 hs. Categor\u00eda 98\/99<br \/>\n14:00 hs. Categor\u00eda 2001<br \/>\n15:15 hs. Categor\u00eda 2003<\/p>\n<p>El Front\u00f3n Vs. Quilmes<br \/>\n15:00 hs. Categor\u00eda 2002<br \/>\n16:15 hs. Categor\u00eda 99\/98<\/p>\n<blockquote><p><strong>FECHA 12 -Domingo 13 de diciembre-<\/strong><\/p><\/blockquote>\n<p><strong>INFANTIL<\/strong><br \/>\nJuventud Vs. Mercedes, Estudiantes Vs. Comunicaciones, V\u00e9lez Vs. Los Palometas, Uni\u00f3n Carme\u00f1a Vs. Defensores<br \/>\n16:00 hs. Categor\u00eda Promocional<br \/>\n17:00 hs. Categor\u00eda 2006<br \/>\n18:00 hs. Categor\u00eda 2005<\/p>\n<p>Mercedes \u201cA\u201d Vs. El Front\u00f3n<br \/>\n10:30 hs. Categor\u00eda Promocional<br \/>\n11:30 hs. Categor\u00eda 2006<br \/>\n12:30 hs. Categor\u00eda 2005<\/p>\n<p><strong>JUVENIL<\/strong><br \/>\n<em><strong>Jueves 10 de diciembre, cancha Liga Mercedina<\/strong><\/em><br \/>\nV\u00e9lez Vs. Los Palometas,<br \/>\n18:30 hs. Categor\u00eda 2004<br \/>\n19:45 hs. Categor\u00eda 2003<br \/>\n21:00 hs. Categor\u00eda 2002<br \/>\n22:15 hs. Categor\u00eda 99\/98<\/p>\n<p><strong>Domingo<\/strong><br \/>\nEstudiantes Vs. Comunicaciones,<br \/>\n11:00 hs. Categor\u00eda 2002<br \/>\n12:15 hs. Categor\u00eda 2001<br \/>\n13:30 hs. Categor\u00eda 2000<br \/>\n14:45 hs. Categor\u00eda 99\/98<br \/>\n16:15 hs. Categor\u00eda 2004<br \/>\n17:30 hs. Categor\u00eda 2003<\/p>\n<p>Juventud Vs. Mercedes<br \/>\n09:30 hs. Categor\u00eda 2002<br \/>\n10:45 hs. Categor\u00eda 2000<br \/>\n12:00 hs. Categor\u00eda 2001<br \/>\n13:15 hs. Categor\u00eda 99\/98<br \/>\n14:45 hs. Categor\u00eda 2004<br \/>\n16:00 hs. Categor\u00eda 2003<\/p>\n<p>Uni\u00f3n Carme\u00f1a Vs. Defensores Juniors<br \/>\n14:00 hs. Categor\u00eda 2002<br \/>\n15:15 hs. Categor\u00eda 2000<br \/>\n16:30 hs. Categor\u00eda 2003<br \/>\n17:45 hs. Categor\u00eda 2004<\/p>\n<p>Mercedes \u201cA\u201d Vs. El Front\u00f3n<br \/>\n09:30 hs. Categor\u00eda 2003<br \/>\n10:45 hs. Categor\u00eda 2004<br \/>\n12:00 hs. Categor\u00eda 2001<br \/>\n13:15 hs. Categor\u00eda 2002<br \/>\n14:30 hs. Categor\u00eda 2000<\/p>\n<p>Ateneo Vs. Pabell\u00f3n Argentino<br \/>\n11:00 hs. Categor\u00eda 2002<br \/>\n12:15 hs. Categor\u00eda 2001<br \/>\n13:30 hs. Categor\u00eda 2000<br \/>\n14:45 hs. Categor\u00eda 99\/98<br \/>\n17:30 hs. Categor\u00eda 2003<\/p>\n","protected":false},"excerpt":{"rendered":"<p>FECHA 11 -Arranca este jueves- INFANTIL S\u00e1bado 12 de diciembre Uni\u00f3n Carme\u00f1a Vs. Ateneo, Uni\u00f3n Vs. V\u00e9lez, Comunicaciones Vs. Juventud. 16:00 hs. Categor\u00eda Promocional 17:00 hs. Categor\u00eda 2006 18:00 hs. Categor\u00eda 2005 Defensores Jrs. Vs. Mercedes A\u201d 15:00 hs. Categor\u00eda Promocional 16:00 hs. Categor\u00eda 2006 17:00 hs. Categor\u00eda 2005 JUVENIL S\u00e1bado 12 de diciembre Uni\u00f3n Carme\u00f1a Vs. Ateneo, Uni\u00f3n Vs.<\/p>\n","protected":false},"author":2,"featured_media":0,"comment_status":"open","ping_status":"open","sticky":false,"template":"","format":"standard","meta":{"footnotes":""},"categories":[4],"tags":[],"class_list":["post-15957","post","type-post","status-publish","format-standard","hentry","category-informaciongeneral"],"_links":{"self":[{"href":"https:\/\/ligamercedina.com\/web\/wp-json\/wp\/v2\/posts\/15957","targetHints":{"allow":["GET"]}}],"collection":[{"href":"https:\/\/ligamercedina.com\/web\/wp-json\/wp\/v2\/posts"}],"about":[{"href":"https:\/\/ligamercedina.com\/web\/wp-json\/wp\/v2\/types\/post"}],"author":[{"embeddable":true,"href":"https:\/\/ligamercedina.com\/web\/wp-json\/wp\/v2\/users\/2"}],"replies":[{"embeddable":true,"href":"https:\/\/ligamercedina.com\/web\/wp-json\/wp\/v2\/comments?post=15957"}],"version-history":[{"count":12,"href":"https:\/\/ligamercedina.com\/web\/wp-json\/wp\/v2\/posts\/15957\/revisions"}],"predecessor-version":[{"id":15982,"href":"https:\/\/ligamercedina.com\/web\/wp-json\/wp\/v2\/posts\/15957\/revisions\/15982"}],"wp:attachment":[{"href":"https:\/\/ligamercedina.com\/web\/wp-json\/wp\/v2\/media?parent=15957"}],"wp:term":[{"taxonomy":"category","embeddable":true,"href":"https:\/\/ligamercedina.com\/web\/wp-json\/wp\/v2\/categories?post=15957"},{"taxonomy":"post_tag","embeddable":true,"href":"https:\/\/ligamercedina.com\/web\/wp-json\/wp\/v2\/tags?post=15957"}],"curies":[{"name":"wp","href":"https:\/\/api.w.org\/{rel}","templated":true}]}}