{"id":15640,"date":"2015-10-12T13:02:24","date_gmt":"2015-10-12T16:02:24","guid":{"rendered":"https:\/\/ligamercedina.com\/web\/?p=15640"},"modified":"2015-10-12T17:05:42","modified_gmt":"2015-10-12T20:05:42","slug":"tribunal-de-disciplina-2","status":"publish","type":"post","link":"https:\/\/ligamercedina.com\/web\/tribunal-de-disciplina-2\/","title":{"rendered":"TRIBUNAL DE DISCIPLINA"},"content":{"rendered":"<p><strong>Se informa que con fecha del s\u00e1bado 10 de octubre present\u00f3 su renuncia al cargo de Presidente el Dr. David Valerga, en car\u00e1cter de indeclinable.<\/p>\n<p>En tal sentido, se informa que a partir de las gestiones realizadas, se iniciaron conversaciones con la posibilidad de sumar integrantes el cuerpo, y en ese sentido, se adelanta la incorporaci\u00f3n del Dr. Gast\u00f3n Arenas.<\/strong><\/p>\n","protected":false},"excerpt":{"rendered":"<p>Se informa que con fecha del s\u00e1bado 10 de octubre present\u00f3 su renuncia al cargo de Presidente el Dr. David Valerga, en car\u00e1cter de indeclinable. En tal sentido, se informa que a partir de las gestiones realizadas, se iniciaron conversaciones con la posibilidad de sumar integrantes el cuerpo, y en ese sentido, se adelanta la incorporaci\u00f3n del Dr. Gast\u00f3n Arenas.<\/p>\n","protected":false},"author":2,"featured_media":0,"comment_status":"open","ping_status":"open","sticky":false,"template":"","format":"standard","meta":{"footnotes":""},"categories":[4],"tags":[],"class_list":["post-15640","post","type-post","status-publish","format-standard","hentry","category-informaciongeneral"],"_links":{"self":[{"href":"https:\/\/ligamercedina.com\/web\/wp-json\/wp\/v2\/posts\/15640","targetHints":{"allow":["GET"]}}],"collection":[{"href":"https:\/\/ligamercedina.com\/web\/wp-json\/wp\/v2\/posts"}],"about":[{"href":"https:\/\/ligamercedina.com\/web\/wp-json\/wp\/v2\/types\/post"}],"author":[{"embeddable":true,"href":"https:\/\/ligamercedina.com\/web\/wp-json\/wp\/v2\/users\/2"}],"replies":[{"embeddable":true,"href":"https:\/\/ligamercedina.com\/web\/wp-json\/wp\/v2\/comments?post=15640"}],"version-history":[{"count":1,"href":"https:\/\/ligamercedina.com\/web\/wp-json\/wp\/v2\/posts\/15640\/revisions"}],"predecessor-version":[{"id":15641,"href":"https:\/\/ligamercedina.com\/web\/wp-json\/wp\/v2\/posts\/15640\/revisions\/15641"}],"wp:attachment":[{"href":"https:\/\/ligamercedina.com\/web\/wp-json\/wp\/v2\/media?parent=15640"}],"wp:term":[{"taxonomy":"category","embeddable":true,"href":"https:\/\/ligamercedina.com\/web\/wp-json\/wp\/v2\/categories?post=15640"},{"taxonomy":"post_tag","embeddable":true,"href":"https:\/\/ligamercedina.com\/web\/wp-json\/wp\/v2\/tags?post=15640"}],"curies":[{"name":"wp","href":"https:\/\/api.w.org\/{rel}","templated":true}]}}