{"id":15593,"date":"2015-10-05T21:39:47","date_gmt":"2015-10-06T00:39:47","guid":{"rendered":"https:\/\/ligamercedina.com\/web\/?p=15593"},"modified":"2015-10-05T21:39:47","modified_gmt":"2015-10-06T00:39:47","slug":"primera-division-asi-se-jugaran-las-fechas-8-y-9","status":"publish","type":"post","link":"https:\/\/ligamercedina.com\/web\/primera-division-asi-se-jugaran-las-fechas-8-y-9\/","title":{"rendered":"PRIMERA DIVISION: ASI SE JUGARAN LAS FECHAS 8 Y 9"},"content":{"rendered":"<blockquote><p><strong>PRIMERA DIVISION -FECHA 8-<\/strong><\/p><\/blockquote>\n<p><em><strong>Viernes 9 de octubre, cancha Liga Mercedina<\/strong><\/em><br \/>\n19:45 hs. Ateneo Vs. Mercedes<br \/>\n21:45 hs. Los Palometas Vs. Trocha<\/p>\n<p><em><strong>S\u00e1bado 10 de octubre, cancha Liga <\/strong><\/em><br \/>\n15:00 hs. Estudiantes Vs. San Marcos FC<br \/>\n17:00 hs. Quilmes Vs. Comunicaciones<\/p>\n<p><em><strong>S\u00e1bado 10 de octubre, cancha Pabell\u00f3n Argentino<\/strong><\/em><br \/>\n16 hs. Pabell\u00f3n Argentino Vs. Costa Brava<\/p>\n<p><em><strong>S\u00e1bado 10 de octubre, cancha Juventud<\/strong><\/em><br \/>\n16 hs. Juventud Vs. V\u00e9lez Sarsfield<br \/>\n___________________________________________________________________________<\/p>\n<blockquote><p><strong>PRIMERA DIVISION -FECHA 9-<\/strong><\/p><\/blockquote>\n<p><em><strong>Lunes 12 de octubre, cancha Liga <\/strong><\/em><br \/>\n14:30 hs. V\u00e9lez Vs. Pabell\u00f3n Argentino<br \/>\n16:30 hs. Palometas Vs. Ateneo<\/p>\n<p><em><strong>Lunes 12 de octubre, cancha El Front\u00f3n<\/strong><\/em><br \/>\n16:00 hs. El Front\u00f3n Vs. Quilmes<\/p>\n<p><em><strong>Lunes 12 de octubre, cancha San Marcos<\/strong><\/em><br \/>\n16:00 hs. San Marcos FC Vs. Juventud<\/p>\n<p><em><strong>Lunes 12 de octubre, cancha Costa Brava<\/strong><\/em><br \/>\n16:00 hs. Costa Brava Vs. Trocha<\/p>\n<p><em><strong>Martes 13 de octubre, cancha Liga<\/strong><\/em><br \/>\n20 hs. Comunicaciones Vs. Estudiantes<\/p>\n","protected":false},"excerpt":{"rendered":"<p>PRIMERA DIVISION -FECHA 8- Viernes 9 de octubre, cancha Liga Mercedina 19:45 hs. Ateneo Vs. Mercedes 21:45 hs. Los Palometas Vs. Trocha S\u00e1bado 10 de octubre, cancha Liga 15:00 hs. Estudiantes Vs. San Marcos FC 17:00 hs. Quilmes Vs. Comunicaciones S\u00e1bado 10 de octubre, cancha Pabell\u00f3n Argentino 16 hs. Pabell\u00f3n Argentino Vs. Costa Brava S\u00e1bado 10 de octubre, cancha Juventud<\/p>\n","protected":false},"author":2,"featured_media":0,"comment_status":"open","ping_status":"open","sticky":false,"template":"","format":"standard","meta":{"footnotes":""},"categories":[4],"tags":[],"class_list":["post-15593","post","type-post","status-publish","format-standard","hentry","category-informaciongeneral"],"_links":{"self":[{"href":"https:\/\/ligamercedina.com\/web\/wp-json\/wp\/v2\/posts\/15593","targetHints":{"allow":["GET"]}}],"collection":[{"href":"https:\/\/ligamercedina.com\/web\/wp-json\/wp\/v2\/posts"}],"about":[{"href":"https:\/\/ligamercedina.com\/web\/wp-json\/wp\/v2\/types\/post"}],"author":[{"embeddable":true,"href":"https:\/\/ligamercedina.com\/web\/wp-json\/wp\/v2\/users\/2"}],"replies":[{"embeddable":true,"href":"https:\/\/ligamercedina.com\/web\/wp-json\/wp\/v2\/comments?post=15593"}],"version-history":[{"count":2,"href":"https:\/\/ligamercedina.com\/web\/wp-json\/wp\/v2\/posts\/15593\/revisions"}],"predecessor-version":[{"id":15602,"href":"https:\/\/ligamercedina.com\/web\/wp-json\/wp\/v2\/posts\/15593\/revisions\/15602"}],"wp:attachment":[{"href":"https:\/\/ligamercedina.com\/web\/wp-json\/wp\/v2\/media?parent=15593"}],"wp:term":[{"taxonomy":"category","embeddable":true,"href":"https:\/\/ligamercedina.com\/web\/wp-json\/wp\/v2\/categories?post=15593"},{"taxonomy":"post_tag","embeddable":true,"href":"https:\/\/ligamercedina.com\/web\/wp-json\/wp\/v2\/tags?post=15593"}],"curies":[{"name":"wp","href":"https:\/\/api.w.org\/{rel}","templated":true}]}}