{"id":15543,"date":"2015-09-27T22:08:07","date_gmt":"2015-09-28T01:08:07","guid":{"rendered":"https:\/\/ligamercedina.com\/web\/?p=15543"},"modified":"2015-09-27T22:08:19","modified_gmt":"2015-09-28T01:08:19","slug":"resultados-de-primera-division-38","status":"publish","type":"post","link":"https:\/\/ligamercedina.com\/web\/resultados-de-primera-division-38\/","title":{"rendered":"RESULTADOS DE PRIMERA DIVISION"},"content":{"rendered":"<p><strong>TROCHA: -4-;<\/strong> William Ayala (4)<br \/>\n<strong>ATENEO: -1-;<\/strong> Diego Gorosito<\/p>\n<p><strong>QUILMES: -1-;<\/strong> Carlos Pacheco<br \/>\n<strong>VELEZ SARSFIELD: -2-;<\/strong> Ariel Acevedo (2)<\/p>\n<p><strong>EL FRONTON: -2-;<\/strong> Sergio G\u00f3mez (2)<br \/>\n<strong>SAN MARCOS FC: -1-;<\/strong> Juan Achucarro<\/p>\n<p><strong>ESTUDIANTES: -4-;<\/strong> Juan Lombardo, Pablo Giacoy, Angel Calder\u00f3n, Juan Giorgione<br \/>\n<strong>COSTA BRAVA: -0-<\/strong><\/p>\n<p><strong>JUVENTUD: -1-;<\/strong> Hern\u00e1n Carretto<br \/>\n<strong>LOS PALOMETAS: -0-<\/strong><\/p>\n<p><strong>PABELLON ARGENTINO: -4-;<\/strong> V\u00edctor Santana (2), Juan Hern\u00e1ndez, Juan Barandiar\u00e1n<br \/>\n<strong>MERCEDES: -2-;<\/strong> Franco P\u00e9rez, Santiago Selva<\/p>\n<p><a href=\"https:\/\/ligamercedina.com\/web\/wp-content\/uploads\/2015\/09\/PRIMERA.jpg\"><img loading=\"lazy\" decoding=\"async\" src=\"https:\/\/ligamercedina.com\/web\/wp-content\/uploads\/2015\/09\/PRIMERA.jpg\" alt=\"PRIMERA\" width=\"448\" height=\"438\" class=\"aligncenter size-full wp-image-15544\" srcset=\"https:\/\/ligamercedina.com\/web\/wp-content\/uploads\/2015\/09\/PRIMERA.jpg 448w, https:\/\/ligamercedina.com\/web\/wp-content\/uploads\/2015\/09\/PRIMERA-300x293.jpg 300w\" sizes=\"auto, (max-width: 448px) 100vw, 448px\" \/><\/a><\/p>\n","protected":false},"excerpt":{"rendered":"<p>TROCHA: -4-; William Ayala (4) ATENEO: -1-; Diego Gorosito QUILMES: -1-; Carlos Pacheco VELEZ SARSFIELD: -2-; Ariel Acevedo (2) EL FRONTON: -2-; Sergio G\u00f3mez (2) SAN MARCOS FC: -1-; Juan Achucarro ESTUDIANTES: -4-; Juan Lombardo, Pablo Giacoy, Angel Calder\u00f3n, Juan Giorgione COSTA BRAVA: -0- JUVENTUD: -1-; Hern\u00e1n Carretto LOS PALOMETAS: -0- PABELLON ARGENTINO: -4-; V\u00edctor Santana (2), Juan Hern\u00e1ndez, Juan<\/p>\n","protected":false},"author":2,"featured_media":0,"comment_status":"open","ping_status":"open","sticky":false,"template":"","format":"standard","meta":{"footnotes":""},"categories":[4],"tags":[],"class_list":["post-15543","post","type-post","status-publish","format-standard","hentry","category-informaciongeneral"],"_links":{"self":[{"href":"https:\/\/ligamercedina.com\/web\/wp-json\/wp\/v2\/posts\/15543","targetHints":{"allow":["GET"]}}],"collection":[{"href":"https:\/\/ligamercedina.com\/web\/wp-json\/wp\/v2\/posts"}],"about":[{"href":"https:\/\/ligamercedina.com\/web\/wp-json\/wp\/v2\/types\/post"}],"author":[{"embeddable":true,"href":"https:\/\/ligamercedina.com\/web\/wp-json\/wp\/v2\/users\/2"}],"replies":[{"embeddable":true,"href":"https:\/\/ligamercedina.com\/web\/wp-json\/wp\/v2\/comments?post=15543"}],"version-history":[{"count":1,"href":"https:\/\/ligamercedina.com\/web\/wp-json\/wp\/v2\/posts\/15543\/revisions"}],"predecessor-version":[{"id":15545,"href":"https:\/\/ligamercedina.com\/web\/wp-json\/wp\/v2\/posts\/15543\/revisions\/15545"}],"wp:attachment":[{"href":"https:\/\/ligamercedina.com\/web\/wp-json\/wp\/v2\/media?parent=15543"}],"wp:term":[{"taxonomy":"category","embeddable":true,"href":"https:\/\/ligamercedina.com\/web\/wp-json\/wp\/v2\/categories?post=15543"},{"taxonomy":"post_tag","embeddable":true,"href":"https:\/\/ligamercedina.com\/web\/wp-json\/wp\/v2\/tags?post=15543"}],"curies":[{"name":"wp","href":"https:\/\/api.w.org\/{rel}","templated":true}]}}